{"id":16027,"date":"2021-01-15T12:02:40","date_gmt":"2021-01-15T15:02:40","guid":{"rendered":"http:\/\/www.esportesbrasilia.com.br\/noticias\/?p=16027"},"modified":"2021-01-15T12:19:36","modified_gmt":"2021-01-15T15:19:36","slug":"cerrado-basquete-anuncia-contratacao-de-canadense-para-a-sequencia-do-nbb","status":"publish","type":"post","link":"https:\/\/www.esportesbrasilia.com.br\/noticias\/basquete\/cerrado-basquete-anuncia-contratacao-de-canadense-para-a-sequencia-do-nbb.html","title":{"rendered":"Cerrado Basquete anuncia contrata\u00e7\u00e3o de canadense para a sequ\u00eancia do NBB"},"content":{"rendered":"\n<p>Tem canadense na \u00e1rea. O ala Nicholas Wiggins, de 26 anos, \u00e9 o novo refor\u00e7o do Cerrado Basquete para a sequ\u00eancia do NBB 2020\/2021.<\/p>\n\n\n\n<p>O jogador, de 1,98m, estava no Bauru Basket na \u00faltima temporada do NBB, a primeira que disputou em solo brasileiro. Segundo as estat\u00edsticas da Liga Nacional de Basquete, Wiggins atuou por 23 partidas com a camisa do drag\u00e3o paulista e tinha m\u00e9dia de 16,3 pontos por jogo.<\/p>\n\n\n\n<p>O recorde pessoal \u00e9 de 26 pontos e dez rebotes, num jogo contra o Minas em mar\u00e7o passado. Al\u00e9m disso, Nick participou da \u00faltima edi\u00e7\u00e3o do Jogo das Estrelas do NBB, contando com uma grande ajuda do irm\u00e3o Andrew Wiggins, jogador do Golden State Warriors, da NBA.<\/p>\n\n\n\n<p>A chegada de Nick foi confirmada pelo Cerrado Basquete pelas redes sociais. O pr\u00f3ximo confronto do verd\u00e3o candango ser\u00e1 diante do Minas, no dia 26 de janeiro, \u00e0s 17h, no gin\u00e1sio do Maracan\u00e3zinho, no Rio de Janeiro.<\/p>\n\n\n\n<blockquote class=\"twitter-tweet\"><p lang=\"pt\" dir=\"ltr\">Tem refor\u00e7o na \u00e1rea. <a href=\"https:\/\/t.co\/brbJ5zFlH3\">pic.twitter.com\/brbJ5zFlH3<\/a><\/p>\u2014 Cerrado Basquete (@CerradoBasquete) <a href=\"https:\/\/twitter.com\/CerradoBasquete\/status\/1350093567943987203?ref_src=twsrc%5Etfw\">January 15, 2021<\/a><\/blockquote> <script async=\"\" src=\"https:\/\/platform.twitter.com\/widgets.js\" charset=\"utf-8\"><\/script>\n\n\n\n<p>Questionado se a chegada de Wiggins acontece por conta da aus\u00eancia do ala JC Fuller, que estaria de sa\u00edda para jogar a G-League &#8211; liga de desenvolvimento da NBA -, a assessoria de comunica\u00e7\u00e3o do Cerrado Basquete informou que n\u00e3o comentaria o assunto, &#8220;por enquanto, para n\u00e3o desfocar sobre o Wiggins&#8221;.<\/p>\n","protected":false},"excerpt":{"rendered":"<p>Tem canadense na \u00e1rea. O ala Nicholas Wiggins, de 26 anos, \u00e9 o novo refor\u00e7o do Cerrado Basquete para a sequ\u00eancia do NBB 2020\/2021. O jogador, de 1,98m, estava no Bauru Basket na \u00faltima temporada do NBB, a primeira que disputou em solo brasileiro. Segundo as estat\u00edsticas da Liga Nacional de Basquete, Wiggins atuou por [&hellip;]<\/p>\n","protected":false},"author":2,"featured_media":14397,"comment_status":"closed","ping_status":"closed","sticky":false,"template":"","format":"standard","meta":{"footnotes":""},"categories":[12],"tags":[],"class_list":["post-16027","post","type-post","status-publish","format-standard","has-post-thumbnail","hentry","category-basquete"],"_links":{"self":[{"href":"https:\/\/www.esportesbrasilia.com.br\/noticias\/wp-json\/wp\/v2\/posts\/16027","targetHints":{"allow":["GET"]}}],"collection":[{"href":"https:\/\/www.esportesbrasilia.com.br\/noticias\/wp-json\/wp\/v2\/posts"}],"about":[{"href":"https:\/\/www.esportesbrasilia.com.br\/noticias\/wp-json\/wp\/v2\/types\/post"}],"author":[{"embeddable":true,"href":"https:\/\/www.esportesbrasilia.com.br\/noticias\/wp-json\/wp\/v2\/users\/2"}],"replies":[{"embeddable":true,"href":"https:\/\/www.esportesbrasilia.com.br\/noticias\/wp-json\/wp\/v2\/comments?post=16027"}],"version-history":[{"count":2,"href":"https:\/\/www.esportesbrasilia.com.br\/noticias\/wp-json\/wp\/v2\/posts\/16027\/revisions"}],"predecessor-version":[{"id":16030,"href":"https:\/\/www.esportesbrasilia.com.br\/noticias\/wp-json\/wp\/v2\/posts\/16027\/revisions\/16030"}],"wp:featuredmedia":[{"embeddable":true,"href":"https:\/\/www.esportesbrasilia.com.br\/noticias\/wp-json\/wp\/v2\/media\/14397"}],"wp:attachment":[{"href":"https:\/\/www.esportesbrasilia.com.br\/noticias\/wp-json\/wp\/v2\/media?parent=16027"}],"wp:term":[{"taxonomy":"category","embeddable":true,"href":"https:\/\/www.esportesbrasilia.com.br\/noticias\/wp-json\/wp\/v2\/categories?post=16027"},{"taxonomy":"post_tag","embeddable":true,"href":"https:\/\/www.esportesbrasilia.com.br\/noticias\/wp-json\/wp\/v2\/tags?post=16027"}],"curies":[{"name":"wp","href":"https:\/\/api.w.org\/{rel}","templated":true}]}}