{"id":16016,"date":"2021-01-13T13:45:06","date_gmt":"2021-01-13T16:45:06","guid":{"rendered":"http:\/\/www.esportesbrasilia.com.br\/noticias\/?p=16016"},"modified":"2021-01-13T13:54:18","modified_gmt":"2021-01-13T16:54:18","slug":"capital-anuncia-pacotao-de-reforcos-e-traz-atacante-que-fez-historia-no-gama","status":"publish","type":"post","link":"https:\/\/www.esportesbrasilia.com.br\/noticias\/futebol\/capital-anuncia-pacotao-de-reforcos-e-traz-atacante-que-fez-historia-no-gama.html","title":{"rendered":"Capital anuncia pacot\u00e3o de refor\u00e7os e traz atacante que fez hist\u00f3ria no Gama"},"content":{"rendered":"\n<p>O Capital quer fazer bonito no Candang\u00e3o 2021. A equipe, que foi eliminada nas quartas de final do \u00faltimo campeonato pelo Real Bras\u00edlia, j\u00e1 come\u00e7ou a anunciar os refor\u00e7os para a pr\u00f3xima edi\u00e7\u00e3o do certame local.<\/p>\n\n\n\n<p>Um dos grandes nomes que desembarcam pelo lado da coruja \u00e9 do atacante Roberto Pitio, de 33 anos. O jogador, que jogou por tr\u00eas temporadas com a camisa do Gama, estava no Marc\u00edlio Dias\/SC &#8211; equipe que disputou as quartas de final do Brasileir\u00e3o S\u00e9rie D 2020.<\/p>\n\n\n\n<figure class=\"wp-block-image size-large\"><img loading=\"lazy\" decoding=\"async\" width=\"1000\" height=\"667\" src=\"https:\/\/www.esportesbrasilia.com.br\/noticias\/wp-content\/uploads\/robertopitio_segama.jpg\" alt=\"\" class=\"wp-image-7269\" srcset=\"https:\/\/www.esportesbrasilia.com.br\/noticias\/wp-content\/uploads\/robertopitio_segama.jpg 1000w, https:\/\/www.esportesbrasilia.com.br\/noticias\/wp-content\/uploads\/robertopitio_segama-300x200.jpg 300w, https:\/\/www.esportesbrasilia.com.br\/noticias\/wp-content\/uploads\/robertopitio_segama-768x512.jpg 768w, https:\/\/www.esportesbrasilia.com.br\/noticias\/wp-content\/uploads\/robertopitio_segama-696x464.jpg 696w, https:\/\/www.esportesbrasilia.com.br\/noticias\/wp-content\/uploads\/robertopitio_segama-630x420.jpg 630w\" sizes=\"auto, (max-width: 1000px) 100vw, 1000px\" \/><figcaption>Roberto Pitio volta ao Distrito Federal. Desta vez, o time ser\u00e1 o Capital &#8211; Foto: Douglas Oliveira\/SEGama<\/figcaption><\/figure>\n\n\n\n<p>Al\u00e9m de Roberto Pitio, a diretoria da Coruja anunciou outros 13 refor\u00e7os para a disputa do Candang\u00e3o 2020: o goleiro L\u00e9o Rodrigues, os zagueiros Islan, Peix\u00e3o e Vitor Carvalho, os laterais Jean, Caio Mascarenhas e Romarinho, os volantes Geovane, Leandro Bulh\u00f5es e Maicon, o meia Ronan, o centro-avante Douglas Candango e o atacante Leozynho.<\/p>\n\n\n\n<p>Todos os refor\u00e7os ser\u00e3o capitaneados pelo t\u00e9cnico Rog\u00e9rio Mancini, que estava no sub-20 do Capital na temporada 2020 e j\u00e1 teve passagens por Goian\u00e9sia\/GO, Votuporanguense\/SP e Aparecida\/GO.<\/p>\n\n\n\n<p>A estreia do Capital no Candang\u00e3o 2021 ser\u00e1 frente ao Gama, no dia 21 de fevereiro, no est\u00e1dio Bezerr\u00e3o.<\/p>\n","protected":false},"excerpt":{"rendered":"<p>O Capital quer fazer bonito no Candang\u00e3o 2021. A equipe, que foi eliminada nas quartas de final do \u00faltimo campeonato pelo Real Bras\u00edlia, j\u00e1 come\u00e7ou a anunciar os refor\u00e7os para a pr\u00f3xima edi\u00e7\u00e3o do certame local. Um dos grandes nomes que desembarcam pelo lado da coruja \u00e9 do atacante Roberto Pitio, de 33 anos. O [&hellip;]<\/p>\n","protected":false},"author":2,"featured_media":8424,"comment_status":"closed","ping_status":"closed","sticky":false,"template":"","format":"standard","meta":{"footnotes":""},"categories":[8],"tags":[],"class_list":["post-16016","post","type-post","status-publish","format-standard","has-post-thumbnail","hentry","category-futebol"],"_links":{"self":[{"href":"https:\/\/www.esportesbrasilia.com.br\/noticias\/wp-json\/wp\/v2\/posts\/16016","targetHints":{"allow":["GET"]}}],"collection":[{"href":"https:\/\/www.esportesbrasilia.com.br\/noticias\/wp-json\/wp\/v2\/posts"}],"about":[{"href":"https:\/\/www.esportesbrasilia.com.br\/noticias\/wp-json\/wp\/v2\/types\/post"}],"author":[{"embeddable":true,"href":"https:\/\/www.esportesbrasilia.com.br\/noticias\/wp-json\/wp\/v2\/users\/2"}],"replies":[{"embeddable":true,"href":"https:\/\/www.esportesbrasilia.com.br\/noticias\/wp-json\/wp\/v2\/comments?post=16016"}],"version-history":[{"count":3,"href":"https:\/\/www.esportesbrasilia.com.br\/noticias\/wp-json\/wp\/v2\/posts\/16016\/revisions"}],"predecessor-version":[{"id":16020,"href":"https:\/\/www.esportesbrasilia.com.br\/noticias\/wp-json\/wp\/v2\/posts\/16016\/revisions\/16020"}],"wp:featuredmedia":[{"embeddable":true,"href":"https:\/\/www.esportesbrasilia.com.br\/noticias\/wp-json\/wp\/v2\/media\/8424"}],"wp:attachment":[{"href":"https:\/\/www.esportesbrasilia.com.br\/noticias\/wp-json\/wp\/v2\/media?parent=16016"}],"wp:term":[{"taxonomy":"category","embeddable":true,"href":"https:\/\/www.esportesbrasilia.com.br\/noticias\/wp-json\/wp\/v2\/categories?post=16016"},{"taxonomy":"post_tag","embeddable":true,"href":"https:\/\/www.esportesbrasilia.com.br\/noticias\/wp-json\/wp\/v2\/tags?post=16016"}],"curies":[{"name":"wp","href":"https:\/\/api.w.org\/{rel}","templated":true}]}}