{"id":16007,"date":"2021-01-12T19:17:18","date_gmt":"2021-01-12T22:17:18","guid":{"rendered":"http:\/\/www.esportesbrasilia.com.br\/noticias\/?p=16007"},"modified":"2021-01-12T19:21:55","modified_gmt":"2021-01-12T22:21:55","slug":"jogadores-deixam-o-brasiliense-e-volante-vai-para-o-real-brasilia","status":"publish","type":"post","link":"https:\/\/www.esportesbrasilia.com.br\/noticias\/futebol\/jogadores-deixam-o-brasiliense-e-volante-vai-para-o-real-brasilia.html","title":{"rendered":"Jogadores deixam o Brasiliense e volante vai para o Real Bras\u00edlia"},"content":{"rendered":"\n<p>O Boletim Informativo Di\u00e1rio da CBF (BID-E) confirmou, nesta ter\u00e7a-feira (12), a rescis\u00e3o do contrato de dois jogadores do Brasiliense, a uma semana do in\u00edcio da Copa Verde 2020.<\/p>\n\n\n\n<p>O meia Carlos Henrique, de 20 anos, que entrou em campo em apenas um jogo pelo Brasiliense (vit\u00f3ria por 3&#215;0 frente ao Palmas\/TO) pela s\u00e9rie D, n\u00e3o faz mais parte do clube.<\/p>\n\n\n\n<p>Outro que deixou o jacar\u00e9 foi o volante David Manteiga, de 30 anos. O jogador que ficou no Brasiliense por duas temporadas, deixou o elenco e foi anunciado como novo refor\u00e7o do Real Bras\u00edlia, para a disputa do Candang\u00e3o 2021.<\/p>\n\n\n\n<iframe loading=\"lazy\" src=\"https:\/\/www.facebook.com\/plugins\/post.php?href=https%3A%2F%2Fwww.facebook.com%2FRealBrasiliaOficial%2Fphotos%2Fa.917440328389851%2F2189577224509482%2F&#038;width=500&#038;show_text=true&#038;height=664&#038;appId\" width=\"500\" height=\"664\" style=\"border:none;overflow:hidden\" scrolling=\"no\" frameborder=\"0\" allowfullscreen=\"true\" allow=\"autoplay; clipboard-write; encrypted-media; picture-in-picture; web-share\"><\/iframe>\n\n\n\n<p>O jacar\u00e9 apresentou, nos \u00faltimos dias, a contrata\u00e7\u00e3o do meia Tobinha, junto ao Atl\u00e9tico de Alagoinhas\/BA, do atacante Michel Platini e do zagueiro Gustavo Henrique, ambos com passagem pelo Gama na temporada 2020.<\/p>\n\n\n\n<p>A estreia do Brasiliense no Candang\u00e3o 2021 ser\u00e1 diante do Luzi\u00e2nia, em 21 de fevereiro. Antes, enfrenta o Vit\u00f3ria\/ES no dia 20 de janeiro, pela Copa Verde.<\/p>\n","protected":false},"excerpt":{"rendered":"<p>O Boletim Informativo Di\u00e1rio da CBF (BID-E) confirmou, nesta ter\u00e7a-feira (12), a rescis\u00e3o do contrato de dois jogadores do Brasiliense, a uma semana do in\u00edcio da Copa Verde 2020. O meia Carlos Henrique, de 20 anos, que entrou em campo em apenas um jogo pelo Brasiliense (vit\u00f3ria por 3&#215;0 frente ao Palmas\/TO) pela s\u00e9rie D, [&hellip;]<\/p>\n","protected":false},"author":2,"featured_media":11591,"comment_status":"closed","ping_status":"closed","sticky":false,"template":"","format":"standard","meta":{"footnotes":""},"categories":[8],"tags":[],"class_list":["post-16007","post","type-post","status-publish","format-standard","has-post-thumbnail","hentry","category-futebol"],"_links":{"self":[{"href":"https:\/\/www.esportesbrasilia.com.br\/noticias\/wp-json\/wp\/v2\/posts\/16007","targetHints":{"allow":["GET"]}}],"collection":[{"href":"https:\/\/www.esportesbrasilia.com.br\/noticias\/wp-json\/wp\/v2\/posts"}],"about":[{"href":"https:\/\/www.esportesbrasilia.com.br\/noticias\/wp-json\/wp\/v2\/types\/post"}],"author":[{"embeddable":true,"href":"https:\/\/www.esportesbrasilia.com.br\/noticias\/wp-json\/wp\/v2\/users\/2"}],"replies":[{"embeddable":true,"href":"https:\/\/www.esportesbrasilia.com.br\/noticias\/wp-json\/wp\/v2\/comments?post=16007"}],"version-history":[{"count":2,"href":"https:\/\/www.esportesbrasilia.com.br\/noticias\/wp-json\/wp\/v2\/posts\/16007\/revisions"}],"predecessor-version":[{"id":16009,"href":"https:\/\/www.esportesbrasilia.com.br\/noticias\/wp-json\/wp\/v2\/posts\/16007\/revisions\/16009"}],"wp:featuredmedia":[{"embeddable":true,"href":"https:\/\/www.esportesbrasilia.com.br\/noticias\/wp-json\/wp\/v2\/media\/11591"}],"wp:attachment":[{"href":"https:\/\/www.esportesbrasilia.com.br\/noticias\/wp-json\/wp\/v2\/media?parent=16007"}],"wp:term":[{"taxonomy":"category","embeddable":true,"href":"https:\/\/www.esportesbrasilia.com.br\/noticias\/wp-json\/wp\/v2\/categories?post=16007"},{"taxonomy":"post_tag","embeddable":true,"href":"https:\/\/www.esportesbrasilia.com.br\/noticias\/wp-json\/wp\/v2\/tags?post=16007"}],"curies":[{"name":"wp","href":"https:\/\/api.w.org\/{rel}","templated":true}]}}