{"id":16001,"date":"2021-01-12T19:03:03","date_gmt":"2021-01-12T22:03:03","guid":{"rendered":"http:\/\/www.esportesbrasilia.com.br\/noticias\/?p=16001"},"modified":"2021-01-12T19:04:34","modified_gmt":"2021-01-12T22:04:34","slug":"federacao-de-futebol-do-df-programa-vistorias-nos-estadios-do-candangao-2021","status":"publish","type":"post","link":"https:\/\/www.esportesbrasilia.com.br\/noticias\/futebol\/federacao-de-futebol-do-df-programa-vistorias-nos-estadios-do-candangao-2021.html","title":{"rendered":"Federa\u00e7\u00e3o de Futebol do DF programa vistorias nos est\u00e1dios do Candang\u00e3o 2021"},"content":{"rendered":"\n<p>A Federa\u00e7\u00e3o de Futebol do Distrito Federal divulgou, na \u00faltima semana, por meio de uma portaria, a comiss\u00e3o que ser\u00e1 respons\u00e1vel por vistoriar os est\u00e1dios que v\u00e3o sediar as partidas do Campeonato Brasiliense 2021.<\/p>\n\n\n\n<p>Na oportunidade, os nomeados v\u00e3o identificar as melhorias que devem ser realizadas para que os est\u00e1dios recebam os jogos a partir de 21 de fevereiro, no Distrito Federal e nos estados de Goi\u00e1s e Minas Gerais.<\/p>\n\n\n\n<p>A comiss\u00e3o \u00e9 formada por tr\u00eas membros do Departamento de Futebol da FFDF, pela secret\u00e1ria da entidade m\u00e1xima do futebol candango, por um representante da Comiss\u00e3o Distrital de \u00c1rbitros de Futebol (CDAF) e por um membro da Associa\u00e7\u00e3o Brasiliense de Cronistas Desportivos (ABCD).<\/p>\n\n\n\n<p>Segundo calend\u00e1rio divulgado nesta ter\u00e7a-feira (12), as inspe\u00e7\u00f5es nos est\u00e1dios come\u00e7ar\u00e3o a partir do dia 15 de janeiro, sendo o est\u00e1dio Diog\u00e3o, em Formosa\/GO, o primeiro a ser visitado. Confira o calend\u00e1rio:<\/p>\n\n\n\n<p>15.01 &#8211; Diog\u00e3o &#8211; Formosa\/GO<br>19.01 &#8211; Urbano Adjuto &#8211; Una\u00ed\/MG<br>20.01 &#8211; Abadi\u00e3o &#8211; Ceil\u00e2ndia<br>21.01 &#8211; Roriz\u00e3o &#8211; Samambaia<br>22.01 &#8211; Serra do Lago &#8211; Luzi\u00e2nia\/GO<br>25.01 &#8211; Bezerr\u00e3o &#8211; Gama \/ Serej\u00e3o &#8211; Taguatinga<br>26.01 &#8211; Ciro Machado &#8211; Vila Planalto \/ Augustinho Lima &#8211; Sobradinho<\/p>\n\n\n\n<p>Os est\u00e1dios que n\u00e3o tiverem laudos v\u00e1lidos e sem condi\u00e7\u00f5es de seguran\u00e7a e higiene ser\u00e3o vetados para a disputa do Candang\u00e3o 2021.<\/p>\n","protected":false},"excerpt":{"rendered":"<p>A Federa\u00e7\u00e3o de Futebol do Distrito Federal divulgou, na \u00faltima semana, por meio de uma portaria, a comiss\u00e3o que ser\u00e1 respons\u00e1vel por vistoriar os est\u00e1dios que v\u00e3o sediar as partidas do Campeonato Brasiliense 2021. Na oportunidade, os nomeados v\u00e3o identificar as melhorias que devem ser realizadas para que os est\u00e1dios recebam os jogos a partir [&hellip;]<\/p>\n","protected":false},"author":2,"featured_media":15742,"comment_status":"closed","ping_status":"closed","sticky":false,"template":"","format":"standard","meta":{"footnotes":""},"categories":[8],"tags":[],"class_list":["post-16001","post","type-post","status-publish","format-standard","has-post-thumbnail","hentry","category-futebol"],"_links":{"self":[{"href":"https:\/\/www.esportesbrasilia.com.br\/noticias\/wp-json\/wp\/v2\/posts\/16001","targetHints":{"allow":["GET"]}}],"collection":[{"href":"https:\/\/www.esportesbrasilia.com.br\/noticias\/wp-json\/wp\/v2\/posts"}],"about":[{"href":"https:\/\/www.esportesbrasilia.com.br\/noticias\/wp-json\/wp\/v2\/types\/post"}],"author":[{"embeddable":true,"href":"https:\/\/www.esportesbrasilia.com.br\/noticias\/wp-json\/wp\/v2\/users\/2"}],"replies":[{"embeddable":true,"href":"https:\/\/www.esportesbrasilia.com.br\/noticias\/wp-json\/wp\/v2\/comments?post=16001"}],"version-history":[{"count":4,"href":"https:\/\/www.esportesbrasilia.com.br\/noticias\/wp-json\/wp\/v2\/posts\/16001\/revisions"}],"predecessor-version":[{"id":16006,"href":"https:\/\/www.esportesbrasilia.com.br\/noticias\/wp-json\/wp\/v2\/posts\/16001\/revisions\/16006"}],"wp:featuredmedia":[{"embeddable":true,"href":"https:\/\/www.esportesbrasilia.com.br\/noticias\/wp-json\/wp\/v2\/media\/15742"}],"wp:attachment":[{"href":"https:\/\/www.esportesbrasilia.com.br\/noticias\/wp-json\/wp\/v2\/media?parent=16001"}],"wp:term":[{"taxonomy":"category","embeddable":true,"href":"https:\/\/www.esportesbrasilia.com.br\/noticias\/wp-json\/wp\/v2\/categories?post=16001"},{"taxonomy":"post_tag","embeddable":true,"href":"https:\/\/www.esportesbrasilia.com.br\/noticias\/wp-json\/wp\/v2\/tags?post=16001"}],"curies":[{"name":"wp","href":"https:\/\/api.w.org\/{rel}","templated":true}]}}