{"id":15999,"date":"2021-01-12T18:38:48","date_gmt":"2021-01-12T21:38:48","guid":{"rendered":"http:\/\/www.esportesbrasilia.com.br\/noticias\/?p=15999"},"modified":"2021-01-12T18:38:51","modified_gmt":"2021-01-12T21:38:51","slug":"cbf-confirma-e-flamengo-recebera-o-palmeiras-no-mane-garrincha","status":"publish","type":"post","link":"https:\/\/www.esportesbrasilia.com.br\/noticias\/futebol\/cbf-confirma-e-flamengo-recebera-o-palmeiras-no-mane-garrincha.html","title":{"rendered":"CBF confirma e Flamengo receber\u00e1 o Palmeiras no Man\u00e9 Garrincha"},"content":{"rendered":"\n<p>Ap\u00f3s dez meses sem uma partida oficial, al\u00e9m de ter sido sede de um hospital de campanha contra a Covid-19, o est\u00e1dio Nacional Man\u00e9 Garrincha, palco principal do futebol brasiliense, voltar\u00e1 a receber jogos do Brasileir\u00e3o.<\/p>\n\n\n\n<p>A confirma\u00e7\u00e3o foi dada pela CBF nesta segunda-feira (11). O est\u00e1dio sediar\u00e1 o jogo entre Flamengo e Palmeiras, v\u00e1lido pela 31\u00aa rodada do Campeonato Brasileiro. O jogo est\u00e1 marcado para o dia 21 de janeiro, \u00e0s 19h, com transmiss\u00e3o da <strong>Esportes Bras\u00edlia<\/strong>.<\/p>\n\n\n\n<p>A mudan\u00e7a de local se deu por conta da utiliza\u00e7\u00e3o do Maracan\u00e3 por parte da Conmebol para montagem da grande final da Ta\u00e7a Libertadores da Am\u00e9rica, marcada para o dia 30 de janeiro.<\/p>\n\n\n\n<p>O Flamengo est\u00e1 na quarta posi\u00e7\u00e3o do campeonato, com 49 pontos ganhos. J\u00e1 o Palmeiras \u00e9 o sexto colocado, com 47 pontos.<\/p>\n","protected":false},"excerpt":{"rendered":"<p>Ap\u00f3s dez meses sem uma partida oficial, al\u00e9m de ter sido sede de um hospital de campanha contra a Covid-19, o est\u00e1dio Nacional Man\u00e9 Garrincha, palco principal do futebol brasiliense, voltar\u00e1 a receber jogos do Brasileir\u00e3o. A confirma\u00e7\u00e3o foi dada pela CBF nesta segunda-feira (11). O est\u00e1dio sediar\u00e1 o jogo entre Flamengo e Palmeiras, v\u00e1lido [&hellip;]<\/p>\n","protected":false},"author":2,"featured_media":14308,"comment_status":"closed","ping_status":"closed","sticky":false,"template":"","format":"standard","meta":{"footnotes":""},"categories":[8],"tags":[],"class_list":["post-15999","post","type-post","status-publish","format-standard","has-post-thumbnail","hentry","category-futebol"],"_links":{"self":[{"href":"https:\/\/www.esportesbrasilia.com.br\/noticias\/wp-json\/wp\/v2\/posts\/15999","targetHints":{"allow":["GET"]}}],"collection":[{"href":"https:\/\/www.esportesbrasilia.com.br\/noticias\/wp-json\/wp\/v2\/posts"}],"about":[{"href":"https:\/\/www.esportesbrasilia.com.br\/noticias\/wp-json\/wp\/v2\/types\/post"}],"author":[{"embeddable":true,"href":"https:\/\/www.esportesbrasilia.com.br\/noticias\/wp-json\/wp\/v2\/users\/2"}],"replies":[{"embeddable":true,"href":"https:\/\/www.esportesbrasilia.com.br\/noticias\/wp-json\/wp\/v2\/comments?post=15999"}],"version-history":[{"count":1,"href":"https:\/\/www.esportesbrasilia.com.br\/noticias\/wp-json\/wp\/v2\/posts\/15999\/revisions"}],"predecessor-version":[{"id":16000,"href":"https:\/\/www.esportesbrasilia.com.br\/noticias\/wp-json\/wp\/v2\/posts\/15999\/revisions\/16000"}],"wp:featuredmedia":[{"embeddable":true,"href":"https:\/\/www.esportesbrasilia.com.br\/noticias\/wp-json\/wp\/v2\/media\/14308"}],"wp:attachment":[{"href":"https:\/\/www.esportesbrasilia.com.br\/noticias\/wp-json\/wp\/v2\/media?parent=15999"}],"wp:term":[{"taxonomy":"category","embeddable":true,"href":"https:\/\/www.esportesbrasilia.com.br\/noticias\/wp-json\/wp\/v2\/categories?post=15999"},{"taxonomy":"post_tag","embeddable":true,"href":"https:\/\/www.esportesbrasilia.com.br\/noticias\/wp-json\/wp\/v2\/tags?post=15999"}],"curies":[{"name":"wp","href":"https:\/\/api.w.org\/{rel}","templated":true}]}}