{"id":15953,"date":"2021-01-05T20:23:03","date_gmt":"2021-01-05T23:23:03","guid":{"rendered":"http:\/\/www.esportesbrasilia.com.br\/noticias\/?p=15953"},"modified":"2021-01-05T20:23:05","modified_gmt":"2021-01-05T23:23:05","slug":"cbf-confirma-datas-e-horarios-da-copa-verde-2020","status":"publish","type":"post","link":"https:\/\/www.esportesbrasilia.com.br\/noticias\/futebol\/cbf-confirma-datas-e-horarios-da-copa-verde-2020.html","title":{"rendered":"CBF confirma datas e hor\u00e1rios da Copa Verde 2020"},"content":{"rendered":"\n<p>A Confedera\u00e7\u00e3o Brasileira de Futebol divulgou, nesta ter\u00e7a-feira (05), a tabela com as datas e hor\u00e1rios oficiais das partidas da Copa Verde 2020, que ser\u00e1 disputada a partir do pr\u00f3ximo dia 20 de janeiro.<\/p>\n\n\n\n<p>Brasiliense e Gama, que foram finalistas do Candang\u00e3o 2019, v\u00e3o representar o Distrito Federal nesta edi\u00e7\u00e3o da competi\u00e7\u00e3o, realizada em 2021 por causa da pandemia da Covid-19.<\/p>\n\n\n\n<p>O Brasiliense estrear\u00e1 na primeira fase jogando em casa, diante do Vit\u00f3ria\/ES. Quem passar deste confronto joga contra o Luverdense\/MT nas oitavas de final. J\u00e1 o Gama larga na competi\u00e7\u00e3o fora de casa, frente ao Santos\/AP. Quem vencer, enfrenta o Remo\/PA.<\/p>\n\n\n\n<p>As partidas de Brasiliense, contra o Vit\u00f3ria, e Gama, contra o Santos\/AP, ser\u00e3o disputadas simultaneamente: no dia 20 de janeiro, \u00e0s 16h.<\/p>\n\n\n\n<p>Vale lembrar que Gama e Brasiliense encerrar\u00e3o a temporada 2020 com a disputa da Copa Verde, uma vez que foram eliminados do Brasileir\u00e3o S\u00e9rie D. O Candang\u00e3o 2021 come\u00e7ar\u00e1 apenas em 14 de fevereiro.<\/p>\n","protected":false},"excerpt":{"rendered":"<p>A Confedera\u00e7\u00e3o Brasileira de Futebol divulgou, nesta ter\u00e7a-feira (05), a tabela com as datas e hor\u00e1rios oficiais das partidas da Copa Verde 2020, que ser\u00e1 disputada a partir do pr\u00f3ximo dia 20 de janeiro. Brasiliense e Gama, que foram finalistas do Candang\u00e3o 2019, v\u00e3o representar o Distrito Federal nesta edi\u00e7\u00e3o da competi\u00e7\u00e3o, realizada em 2021 [&hellip;]<\/p>\n","protected":false},"author":2,"featured_media":15747,"comment_status":"closed","ping_status":"closed","sticky":false,"template":"","format":"standard","meta":{"footnotes":""},"categories":[8],"tags":[],"class_list":["post-15953","post","type-post","status-publish","format-standard","has-post-thumbnail","hentry","category-futebol"],"_links":{"self":[{"href":"https:\/\/www.esportesbrasilia.com.br\/noticias\/wp-json\/wp\/v2\/posts\/15953","targetHints":{"allow":["GET"]}}],"collection":[{"href":"https:\/\/www.esportesbrasilia.com.br\/noticias\/wp-json\/wp\/v2\/posts"}],"about":[{"href":"https:\/\/www.esportesbrasilia.com.br\/noticias\/wp-json\/wp\/v2\/types\/post"}],"author":[{"embeddable":true,"href":"https:\/\/www.esportesbrasilia.com.br\/noticias\/wp-json\/wp\/v2\/users\/2"}],"replies":[{"embeddable":true,"href":"https:\/\/www.esportesbrasilia.com.br\/noticias\/wp-json\/wp\/v2\/comments?post=15953"}],"version-history":[{"count":1,"href":"https:\/\/www.esportesbrasilia.com.br\/noticias\/wp-json\/wp\/v2\/posts\/15953\/revisions"}],"predecessor-version":[{"id":15954,"href":"https:\/\/www.esportesbrasilia.com.br\/noticias\/wp-json\/wp\/v2\/posts\/15953\/revisions\/15954"}],"wp:featuredmedia":[{"embeddable":true,"href":"https:\/\/www.esportesbrasilia.com.br\/noticias\/wp-json\/wp\/v2\/media\/15747"}],"wp:attachment":[{"href":"https:\/\/www.esportesbrasilia.com.br\/noticias\/wp-json\/wp\/v2\/media?parent=15953"}],"wp:term":[{"taxonomy":"category","embeddable":true,"href":"https:\/\/www.esportesbrasilia.com.br\/noticias\/wp-json\/wp\/v2\/categories?post=15953"},{"taxonomy":"post_tag","embeddable":true,"href":"https:\/\/www.esportesbrasilia.com.br\/noticias\/wp-json\/wp\/v2\/tags?post=15953"}],"curies":[{"name":"wp","href":"https:\/\/api.w.org\/{rel}","templated":true}]}}