{"id":15918,"date":"2020-12-27T20:57:45","date_gmt":"2020-12-27T23:57:45","guid":{"rendered":"http:\/\/www.esportesbrasilia.com.br\/noticias\/?p=15918"},"modified":"2020-12-27T22:44:05","modified_gmt":"2020-12-28T01:44:05","slug":"ex-tecnico-do-brasiliense-fala-sobre-eliminacao-estava-na-torcida","status":"publish","type":"post","link":"https:\/\/www.esportesbrasilia.com.br\/noticias\/futebol\/ex-tecnico-do-brasiliense-fala-sobre-eliminacao-estava-na-torcida.html","title":{"rendered":"Ex-t\u00e9cnico do Brasiliense fala sobre elimina\u00e7\u00e3o: &#8220;Estava na torcida&#8221;"},"content":{"rendered":"\n<p><strong>Foto: Divulga\u00e7\u00e3o\/Brasiliense FC<\/strong><\/p>\n\n\n\n<p>Neste domingo (27), ap\u00f3s a vit\u00f3ria do Brasiliense frente ao Mirassol por 2&#215;1, que culminou na elimina\u00e7\u00e3o do clube da S\u00e9rie D, o sil\u00eancio de tr\u00eas semanas foi quebrado. O ex-t\u00e9cnico do Jacar\u00e9, Edson Souza, deu a primeira declara\u00e7\u00e3o p\u00fablica a respeito da demiss\u00e3o e garantiu que estava na torcida pelo time, numa poss\u00edvel sequ\u00eancia na quarta divis\u00e3o nacional.<\/p>\n\n\n\n<p>&#8220;V\u00ednhamos com uma boa sequ\u00eancia de trabalho \u00e0 frente da equipe e sab\u00edamos que a equipe tinha potencial para conseguir o acesso. Infelizmente, n\u00e3o foi poss\u00edvel dar continuidade no trabalho. Mas fiz grandes amigos no clube, com o pessoal da retaguarda, al\u00e9m dos atletas. Por isso, estava na torcida para que a equipe conseguisse o acesso&#8221;, disse Edson, nas redes sociais.<\/p>\n\n\n\n<p>Com Edson Souza no comando do Brasiliense, o time fez a melhor campanha entre os 64 times da competi\u00e7\u00e3o. Mas, antes da partida de volta contra o Real Noroeste\/ES, todo o trabalho de 17 jogos (11 vit\u00f3rias, quatro empates e duas derrotas) foi jogado por ladeira abaixo. Edson foi demitido e substitu\u00eddo por Vilson Tadei, que estava no Gama.<\/p>\n\n\n\n<p>Edson est\u00e1 sem clube neste momento. J\u00e1 o Brasiliense volta aos gramados no dia 20 de janeiro, quando disputa a primeira fase da Copa Verde 2020, diante de um velho algoz: o Vit\u00f3ria\/ES.<\/p>\n","protected":false},"excerpt":{"rendered":"<p>Foto: Divulga\u00e7\u00e3o\/Brasiliense FC Neste domingo (27), ap\u00f3s a vit\u00f3ria do Brasiliense frente ao Mirassol por 2&#215;1, que culminou na elimina\u00e7\u00e3o do clube da S\u00e9rie D, o sil\u00eancio de tr\u00eas semanas foi quebrado. O ex-t\u00e9cnico do Jacar\u00e9, Edson Souza, deu a primeira declara\u00e7\u00e3o p\u00fablica a respeito da demiss\u00e3o e garantiu que estava na torcida pelo time, [&hellip;]<\/p>\n","protected":false},"author":2,"featured_media":15919,"comment_status":"closed","ping_status":"closed","sticky":false,"template":"","format":"standard","meta":{"footnotes":""},"categories":[8],"tags":[],"class_list":["post-15918","post","type-post","status-publish","format-standard","has-post-thumbnail","hentry","category-futebol"],"_links":{"self":[{"href":"https:\/\/www.esportesbrasilia.com.br\/noticias\/wp-json\/wp\/v2\/posts\/15918","targetHints":{"allow":["GET"]}}],"collection":[{"href":"https:\/\/www.esportesbrasilia.com.br\/noticias\/wp-json\/wp\/v2\/posts"}],"about":[{"href":"https:\/\/www.esportesbrasilia.com.br\/noticias\/wp-json\/wp\/v2\/types\/post"}],"author":[{"embeddable":true,"href":"https:\/\/www.esportesbrasilia.com.br\/noticias\/wp-json\/wp\/v2\/users\/2"}],"replies":[{"embeddable":true,"href":"https:\/\/www.esportesbrasilia.com.br\/noticias\/wp-json\/wp\/v2\/comments?post=15918"}],"version-history":[{"count":1,"href":"https:\/\/www.esportesbrasilia.com.br\/noticias\/wp-json\/wp\/v2\/posts\/15918\/revisions"}],"predecessor-version":[{"id":15920,"href":"https:\/\/www.esportesbrasilia.com.br\/noticias\/wp-json\/wp\/v2\/posts\/15918\/revisions\/15920"}],"wp:featuredmedia":[{"embeddable":true,"href":"https:\/\/www.esportesbrasilia.com.br\/noticias\/wp-json\/wp\/v2\/media\/15919"}],"wp:attachment":[{"href":"https:\/\/www.esportesbrasilia.com.br\/noticias\/wp-json\/wp\/v2\/media?parent=15918"}],"wp:term":[{"taxonomy":"category","embeddable":true,"href":"https:\/\/www.esportesbrasilia.com.br\/noticias\/wp-json\/wp\/v2\/categories?post=15918"},{"taxonomy":"post_tag","embeddable":true,"href":"https:\/\/www.esportesbrasilia.com.br\/noticias\/wp-json\/wp\/v2\/tags?post=15918"}],"curies":[{"name":"wp","href":"https:\/\/api.w.org\/{rel}","templated":true}]}}