{"id":15894,"date":"2020-12-22T21:18:14","date_gmt":"2020-12-23T00:18:14","guid":{"rendered":"http:\/\/www.esportesbrasilia.com.br\/noticias\/?p=15894"},"modified":"2020-12-22T21:18:16","modified_gmt":"2020-12-23T00:18:16","slug":"idolo-do-luziania-esta-de-volta-ao-azulino-goiano-para-o-candangao-2021","status":"publish","type":"post","link":"https:\/\/www.esportesbrasilia.com.br\/noticias\/futebol\/idolo-do-luziania-esta-de-volta-ao-azulino-goiano-para-o-candangao-2021.html","title":{"rendered":"\u00cddolo do Luzi\u00e2nia est\u00e1 de volta ao azulino goiano para o Candang\u00e3o 2021"},"content":{"rendered":"\n<p><strong>Foto: Carlos Teixeira\/Arquivo EB<\/strong><\/p>\n\n\n\n<p>Um dos grandes \u00eddolos do Luzi\u00e2nia est\u00e1 de volta ao azulino goiano. O atacante Tatu\u00ed, que foi um dos respons\u00e1veis pela conquista do bicampeonato candango pelo time do entorno do Distrito Federal, anunciou que est\u00e1 de volta.<\/p>\n\n\n\n<p>Tatu\u00ed estava no \u00c1guia Negra\/MS, e realizou uma partida pelo Campeonato Sul-matogrossense. No \u00faltimo Candang\u00e3o, ele tamb\u00e9m atuou pelo Luzi\u00e2nia, mas disputou apenas tr\u00eas jogos.<\/p>\n\n\n\n<p>A contrata\u00e7\u00e3o de Tatu\u00ed, de 29 anos, ainda n\u00e3o foi publicada no Boletim Informativo Di\u00e1rio da CBF (BID-E). O pr\u00f3prio jogador anunciou a volta ao Luzi\u00e2nia nas redes sociais.<\/p>\n\n\n\n<p>A reportagem da <strong>Esportes Bras\u00edlia<\/strong> apurou que o time poder\u00e1 ter Ricardo Ant\u00f4nio como treinador para a temporada 2021. No entanto, a diretoria do clube n\u00e3o confirma a contrata\u00e7\u00e3o do t\u00e9cnico.<\/p>\n\n\n\n<p>O Luzi\u00e2nia estreia no Candang\u00e3o 2021 diante do Brasiliense, no dia 21 de fevereiro, no est\u00e1dio Serra do Lago, em Luzi\u00e2nia.<\/p>\n","protected":false},"excerpt":{"rendered":"<p>Foto: Carlos Teixeira\/Arquivo EB Um dos grandes \u00eddolos do Luzi\u00e2nia est\u00e1 de volta ao azulino goiano. O atacante Tatu\u00ed, que foi um dos respons\u00e1veis pela conquista do bicampeonato candango pelo time do entorno do Distrito Federal, anunciou que est\u00e1 de volta. Tatu\u00ed estava no \u00c1guia Negra\/MS, e realizou uma partida pelo Campeonato Sul-matogrossense. No \u00faltimo [&hellip;]<\/p>\n","protected":false},"author":2,"featured_media":1836,"comment_status":"closed","ping_status":"closed","sticky":false,"template":"","format":"standard","meta":{"footnotes":""},"categories":[8],"tags":[],"class_list":["post-15894","post","type-post","status-publish","format-standard","has-post-thumbnail","hentry","category-futebol"],"_links":{"self":[{"href":"https:\/\/www.esportesbrasilia.com.br\/noticias\/wp-json\/wp\/v2\/posts\/15894","targetHints":{"allow":["GET"]}}],"collection":[{"href":"https:\/\/www.esportesbrasilia.com.br\/noticias\/wp-json\/wp\/v2\/posts"}],"about":[{"href":"https:\/\/www.esportesbrasilia.com.br\/noticias\/wp-json\/wp\/v2\/types\/post"}],"author":[{"embeddable":true,"href":"https:\/\/www.esportesbrasilia.com.br\/noticias\/wp-json\/wp\/v2\/users\/2"}],"replies":[{"embeddable":true,"href":"https:\/\/www.esportesbrasilia.com.br\/noticias\/wp-json\/wp\/v2\/comments?post=15894"}],"version-history":[{"count":1,"href":"https:\/\/www.esportesbrasilia.com.br\/noticias\/wp-json\/wp\/v2\/posts\/15894\/revisions"}],"predecessor-version":[{"id":15895,"href":"https:\/\/www.esportesbrasilia.com.br\/noticias\/wp-json\/wp\/v2\/posts\/15894\/revisions\/15895"}],"wp:featuredmedia":[{"embeddable":true,"href":"https:\/\/www.esportesbrasilia.com.br\/noticias\/wp-json\/wp\/v2\/media\/1836"}],"wp:attachment":[{"href":"https:\/\/www.esportesbrasilia.com.br\/noticias\/wp-json\/wp\/v2\/media?parent=15894"}],"wp:term":[{"taxonomy":"category","embeddable":true,"href":"https:\/\/www.esportesbrasilia.com.br\/noticias\/wp-json\/wp\/v2\/categories?post=15894"},{"taxonomy":"post_tag","embeddable":true,"href":"https:\/\/www.esportesbrasilia.com.br\/noticias\/wp-json\/wp\/v2\/tags?post=15894"}],"curies":[{"name":"wp","href":"https:\/\/api.w.org\/{rel}","templated":true}]}}