{"id":15744,"date":"2020-12-08T21:49:00","date_gmt":"2020-12-09T00:49:00","guid":{"rendered":"http:\/\/www.esportesbrasilia.com.br\/noticias\/?p=15744"},"modified":"2020-12-08T21:55:14","modified_gmt":"2020-12-09T00:55:14","slug":"brasiliense-e-gama-conhecem-adversarios-da-copa-verde-2020","status":"publish","type":"post","link":"https:\/\/www.esportesbrasilia.com.br\/noticias\/futebol\/brasiliense-e-gama-conhecem-adversarios-da-copa-verde-2020.html","title":{"rendered":"Brasiliense e Gama conhecem advers\u00e1rios da Copa Verde 2020"},"content":{"rendered":"\n<p>A Confedera\u00e7\u00e3o Brasileira de Futebol divulgou, na noite desta ter\u00e7a-feira (08), a tabela b\u00e1sica da Copa Verde 2020, mas que ser\u00e1 disputada em 2021. A primeira fase ser\u00e1 disputada nos dias 20 de 21 de janeiro, apenas em partidas de ida. As finais est\u00e3o marcadas para os dias 21 e 24 de fevereiro. <\/p>\n\n\n\n<p>As duas equipes candangas na competi\u00e7\u00e3o, Brasiliense e Gama, entraram na zona de primeira fase por conta do ranking nacional de clubes. De acordo com a classifica\u00e7\u00e3o da CBF, Par\u00e1, Goi\u00e1s, Mato Grosso e Acre est\u00e3o com times mais bem posicionados do que Roraima, Rond\u00f4nia, Distrito Federal, Mato Grosso do Sul, Esp\u00edrito Santo e Amazonas e, desta maneira, colocaram dois times &#8211; cada &#8211; direto nas oitavas de final.<\/p>\n\n\n\n<p>Por isso, na primeira fase, o Gama, campe\u00e3o candango em 2019, foi alocado na chave C e vai disputar a vaga contra o Santos\/AP, no est\u00e1dio Zer\u00e3o, em Macap\u00e1\/AP. Como curiosidade, o est\u00e1dio fica exatamente no marco zero entre os hemisf\u00e9rios norte e sul.<\/p>\n\n\n\n<p>J\u00e1 o Brasiliense, vice-campe\u00e3o candango do ano passado, estar\u00e1 na chave G e enfrentar\u00e1 o Vit\u00f3ria\/ES no est\u00e1dio Serej\u00e3o, em Taguatinga.<\/p>\n\n\n\n<p>Confira as partidas da primeira fase da Copa Verde:<\/p>\n\n\n\n<figure class=\"wp-block-table is-style-stripes\"><table><tbody><tr><td><strong>A<\/strong><\/td><td>S\u00e3o Raimundo\/RR x Galvez\/AC<\/td><\/tr><tr><td><strong>B<\/strong><\/td><td>Manaus\/AM x Ji-Paran\u00e1\/RO<\/td><\/tr><tr><td><strong>C<\/strong><\/td><td>Santos\/AP x <strong>Gama<\/strong><\/td><\/tr><tr><td><strong>D<\/strong><\/td><td>Fast Clube\/AM x Independente\/PA<\/td><\/tr><tr><td><strong>E<\/strong><\/td><td>Palmas\/TO x Real Noroeste\/ES<\/td><\/tr><tr><td><strong>F<\/strong><\/td><td>Aparecidense\/GO x Aquidauanense\/MS<\/td><\/tr><tr><td><strong>G<\/strong><\/td><td><strong>Brasiliense<\/strong> x Vit\u00f3ria\/ES<\/td><\/tr><tr><td><strong>H<\/strong><\/td><td>Sinop\/MT x \u00c1guia Negra\/MS<\/td><\/tr><\/tbody><\/table><\/figure>\n\n\n\n<p>Nas oitavas de final, que tamb\u00e9m ser\u00e3o disputadas em partidas de ida nos dias 23 e 24 de janeiro, quem passar de Santos\/AP e Gama enfrentar\u00e1 o Remo\/PA. J\u00e1 quem vencer de Brasiliense e Vit\u00f3ria\/ES ter\u00e1 o Luverdense\/MT como advers\u00e1rio.<\/p>\n\n\n\n<p>As quartas de final, semifinais e final ser\u00e3o disputadas em jogos de ida e volta.<\/p>\n","protected":false},"excerpt":{"rendered":"<p>A Confedera\u00e7\u00e3o Brasileira de Futebol divulgou, na noite desta ter\u00e7a-feira (08), a tabela b\u00e1sica da Copa Verde 2020, mas que ser\u00e1 disputada em 2021. A primeira fase ser\u00e1 disputada nos dias 20 de 21 de janeiro, apenas em partidas de ida. As finais est\u00e3o marcadas para os dias 21 e 24 de fevereiro. As duas [&hellip;]<\/p>\n","protected":false},"author":2,"featured_media":15747,"comment_status":"closed","ping_status":"closed","sticky":false,"template":"","format":"standard","meta":{"footnotes":""},"categories":[8],"tags":[],"class_list":["post-15744","post","type-post","status-publish","format-standard","has-post-thumbnail","hentry","category-futebol"],"_links":{"self":[{"href":"https:\/\/www.esportesbrasilia.com.br\/noticias\/wp-json\/wp\/v2\/posts\/15744","targetHints":{"allow":["GET"]}}],"collection":[{"href":"https:\/\/www.esportesbrasilia.com.br\/noticias\/wp-json\/wp\/v2\/posts"}],"about":[{"href":"https:\/\/www.esportesbrasilia.com.br\/noticias\/wp-json\/wp\/v2\/types\/post"}],"author":[{"embeddable":true,"href":"https:\/\/www.esportesbrasilia.com.br\/noticias\/wp-json\/wp\/v2\/users\/2"}],"replies":[{"embeddable":true,"href":"https:\/\/www.esportesbrasilia.com.br\/noticias\/wp-json\/wp\/v2\/comments?post=15744"}],"version-history":[{"count":2,"href":"https:\/\/www.esportesbrasilia.com.br\/noticias\/wp-json\/wp\/v2\/posts\/15744\/revisions"}],"predecessor-version":[{"id":15748,"href":"https:\/\/www.esportesbrasilia.com.br\/noticias\/wp-json\/wp\/v2\/posts\/15744\/revisions\/15748"}],"wp:featuredmedia":[{"embeddable":true,"href":"https:\/\/www.esportesbrasilia.com.br\/noticias\/wp-json\/wp\/v2\/media\/15747"}],"wp:attachment":[{"href":"https:\/\/www.esportesbrasilia.com.br\/noticias\/wp-json\/wp\/v2\/media?parent=15744"}],"wp:term":[{"taxonomy":"category","embeddable":true,"href":"https:\/\/www.esportesbrasilia.com.br\/noticias\/wp-json\/wp\/v2\/categories?post=15744"},{"taxonomy":"post_tag","embeddable":true,"href":"https:\/\/www.esportesbrasilia.com.br\/noticias\/wp-json\/wp\/v2\/tags?post=15744"}],"curies":[{"name":"wp","href":"https:\/\/api.w.org\/{rel}","templated":true}]}}