{"id":15739,"date":"2020-12-07T19:36:45","date_gmt":"2020-12-07T22:36:45","guid":{"rendered":"http:\/\/www.esportesbrasilia.com.br\/noticias\/?p=15739"},"modified":"2020-12-07T19:36:48","modified_gmt":"2020-12-07T22:36:48","slug":"28-quilometros-e-um-novo-time-edson-souza-esta-fora-e-vilson-tadei-e-o-novo-tecnico-do-brasiliense","status":"publish","type":"post","link":"https:\/\/www.esportesbrasilia.com.br\/noticias\/futebol\/28-quilometros-e-um-novo-time-edson-souza-esta-fora-e-vilson-tadei-e-o-novo-tecnico-do-brasiliense.html","title":{"rendered":"28 quil\u00f4metros e um novo time: Edson Souza est\u00e1 fora e Vilson Tadei \u00e9 o novo t\u00e9cnico do Brasiliense"},"content":{"rendered":"\n<p>A sa\u00edda de Vilson Tadei pegou a torcida gamense de surpresa na noite desta segunda-feira (07). Depois de 50 jogos e um aproveitamento de 83,3%, obtidos em dois anos no comando do Gama, o t\u00e9cnico anunciou que deixou o clube onde foi bicampe\u00e3o candango (2019 &#8211; invicto &#8211; e 2020).<\/p>\n\n\n\n<p>No entanto, Vilson Tadei n\u00e3o vai muito longe. Apenas 28 quil\u00f4metros separam o novo local de trabalho. Isso porqu\u00ea o treinador ser\u00e1 anunciado, nesta ter\u00e7a-feira (08) como o novo t\u00e9cnico do Brasiliense, eterno arquirrival do Gama.<\/p>\n\n\n\n<p>Segundo o <em>Correio Braziliense<\/em>, a sa\u00edda de Edson Souza aconteceu por ordens superiores. Nem mesmo a melhor campanha da primeira fase da s\u00e9rie D em 2020, com dez vit\u00f3rias e quatro empates, manteve Edson no cargo. Ele deixa o clube amarelo ap\u00f3s o empate em 1&#215;1 diante do Real Noroeste, em \u00c1guia Branca\/ES.<\/p>\n\n\n\n<p>No comando do jacar\u00e9, Edson Souza disputou 17 jogos. Foram 11 vit\u00f3rias, quatro empates e duas derrotas, o que d\u00e1 um aproveitamento de 72,5%.<\/p>\n\n\n\n<p>A primeira partida de Vilson no comando do Brasiliense ser\u00e1 diante do Real Noroeste\/ES, neste s\u00e1bado (12), \u00e0s 16h, no est\u00e1dio Serej\u00e3o, com transmiss\u00e3o da <strong>Esportes Bras\u00edlia<\/strong>.<\/p>\n","protected":false},"excerpt":{"rendered":"<p>A sa\u00edda de Vilson Tadei pegou a torcida gamense de surpresa na noite desta segunda-feira (07). Depois de 50 jogos e um aproveitamento de 83,3%, obtidos em dois anos no comando do Gama, o t\u00e9cnico anunciou que deixou o clube onde foi bicampe\u00e3o candango (2019 &#8211; invicto &#8211; e 2020). No entanto, Vilson Tadei n\u00e3o [&hellip;]<\/p>\n","protected":false},"author":2,"featured_media":14444,"comment_status":"closed","ping_status":"closed","sticky":false,"template":"","format":"standard","meta":{"footnotes":""},"categories":[8],"tags":[],"class_list":["post-15739","post","type-post","status-publish","format-standard","has-post-thumbnail","hentry","category-futebol"],"_links":{"self":[{"href":"https:\/\/www.esportesbrasilia.com.br\/noticias\/wp-json\/wp\/v2\/posts\/15739","targetHints":{"allow":["GET"]}}],"collection":[{"href":"https:\/\/www.esportesbrasilia.com.br\/noticias\/wp-json\/wp\/v2\/posts"}],"about":[{"href":"https:\/\/www.esportesbrasilia.com.br\/noticias\/wp-json\/wp\/v2\/types\/post"}],"author":[{"embeddable":true,"href":"https:\/\/www.esportesbrasilia.com.br\/noticias\/wp-json\/wp\/v2\/users\/2"}],"replies":[{"embeddable":true,"href":"https:\/\/www.esportesbrasilia.com.br\/noticias\/wp-json\/wp\/v2\/comments?post=15739"}],"version-history":[{"count":1,"href":"https:\/\/www.esportesbrasilia.com.br\/noticias\/wp-json\/wp\/v2\/posts\/15739\/revisions"}],"predecessor-version":[{"id":15740,"href":"https:\/\/www.esportesbrasilia.com.br\/noticias\/wp-json\/wp\/v2\/posts\/15739\/revisions\/15740"}],"wp:featuredmedia":[{"embeddable":true,"href":"https:\/\/www.esportesbrasilia.com.br\/noticias\/wp-json\/wp\/v2\/media\/14444"}],"wp:attachment":[{"href":"https:\/\/www.esportesbrasilia.com.br\/noticias\/wp-json\/wp\/v2\/media?parent=15739"}],"wp:term":[{"taxonomy":"category","embeddable":true,"href":"https:\/\/www.esportesbrasilia.com.br\/noticias\/wp-json\/wp\/v2\/categories?post=15739"},{"taxonomy":"post_tag","embeddable":true,"href":"https:\/\/www.esportesbrasilia.com.br\/noticias\/wp-json\/wp\/v2\/tags?post=15739"}],"curies":[{"name":"wp","href":"https:\/\/api.w.org\/{rel}","templated":true}]}}