{"id":15667,"date":"2020-12-01T13:04:07","date_gmt":"2020-12-01T16:04:07","guid":{"rendered":"http:\/\/www.esportesbrasilia.com.br\/noticias\/?p=15667"},"modified":"2020-12-01T13:04:10","modified_gmt":"2020-12-01T16:04:10","slug":"eb-pelo-brasil-ascensao-tricolor","status":"publish","type":"post","link":"https:\/\/www.esportesbrasilia.com.br\/noticias\/colunas\/ebpelobrasil\/eb-pelo-brasil-ascensao-tricolor.html","title":{"rendered":"EB pelo Brasil: &#8220;Ascens\u00e3o tricolor&#8221;"},"content":{"rendered":"\n<p>A situa\u00e7\u00e3o anda t\u00e3o enlouquecida que nem lembro se escrevi semana passada.<\/p>\n\n\n\n<p>Ou melhor\u2026 Como a CBF est\u00e1 aproveitando as datas da Libertadores para tentar arrumar as partidas que est\u00e3o em atraso, n\u00e3o d\u00e1 para saber, certinho, sobre qual foi a \u00faltima rodada que conversamos por aqui.<\/p>\n\n\n\n<p>Usando o par\u00e2metro da rodada cheia, hoje, ap\u00f3s o (quase) encerramento da 23\u00aa rodada, vamos n\u00f3s.<br>E por que fa\u00e7o quest\u00e3o de frisar o quase encerramento? Simples\u2026 T\u00ednhamos (temos) um Gr\u00eamio x Flamengo marcado na rodada, mas devido aos compromissos dos dois na Libertadores\u2026<\/p>\n\n\n\n<p>Mesmo assim, o Gr\u00eamio jogou. N\u00e3o pela rodada, mas na rodada. E ganhou do Goi\u00e1s. Est\u00e1 subindo o tricolor ga\u00facho. Hoje, ocupa a s\u00e9tima posi\u00e7\u00e3o, cinco pontos atr\u00e1s do Atl\u00e9tico Mineiro, l\u00edder, mas com uma partida menos &#8211; pode trazer a dist\u00e2ncia para dois pontos, apenas. Est\u00e1 ou n\u00e3o na briga o time de Renato Portaluppi?<\/p>\n\n\n\n<p>Claro que falo da diferen\u00e7a ao atual l\u00edder, mas n\u00e3o podemos esquecer que o S\u00e3o Paulo, &#8220;devendo&#8221; duas partidas, est\u00e1 apenas um ponto atr\u00e1s do Galo. A equipe comandada por Fernando Diniz pode passar \u00e0 lideran\u00e7a a qualquer momento. Repetindo a frase j\u00e1 utilizada, est\u00e1 ou n\u00e3o na briga pelo trof\u00e9u o tricolor paulista?<\/p>\n\n\n\n<p>Quem vacila demais \u00e9 o Fluminense. O tricolor carioca, que ganhou as duas partidas que fez contra o Internacional (hoje em quarto lugar, cinco pontos atr\u00e1s do Atl\u00e9tico Mineiro), n\u00e3o conseguiu derrotar o Bragantino nem uma vez no Brasileiro. Se tivesse marcado os tr\u00eas pontos no jogo do Maracan\u00e3, nesta segunda-feira, estaria em terceiro lugar\u2026 Isso mesmo, terceiro! Como ficou no empate, estacionou na oitava posi\u00e7\u00e3o.<\/p>\n\n\n\n<p>E o que podemos dizer do Vasco?<\/p>\n\n\n\n<p>Mais do que a goleada sofrida diante do Cear\u00e1, em S\u00e3o Janu\u00e1rio, percebe-se que os jogadores do Vasco est\u00e3o tensos.<\/p>\n\n\n\n<p>O time parou na zona de rebaixamento e, mesmo com um jogo a menos, n\u00e3o d\u00e1 para garantir que o psicol\u00f3gico dos jogadores ir\u00e1 conseguir aproveitar esta diferen\u00e7a para tirar a equipe do Z-4.<br>Se bem que, pelo que o Goi\u00e1s vem apresentando, o Z-4 j\u00e1 tem um ocupante cativo e com poucas chances (eu diria nulas) de rea\u00e7\u00e3o.<\/p>\n","protected":false},"excerpt":{"rendered":"<p>A situa\u00e7\u00e3o anda t\u00e3o enlouquecida que nem lembro se escrevi semana passada. Ou melhor\u2026 Como a CBF est\u00e1 aproveitando as datas da Libertadores para tentar arrumar as partidas que est\u00e3o em atraso, n\u00e3o d\u00e1 para saber, certinho, sobre qual foi a \u00faltima rodada que conversamos por aqui. Usando o par\u00e2metro da rodada cheia, hoje, ap\u00f3s [&hellip;]<\/p>\n","protected":false},"author":42,"featured_media":14518,"comment_status":"closed","ping_status":"closed","sticky":false,"template":"","format":"standard","meta":{"footnotes":""},"categories":[779],"tags":[],"class_list":["post-15667","post","type-post","status-publish","format-standard","has-post-thumbnail","hentry","category-ebpelobrasil"],"_links":{"self":[{"href":"https:\/\/www.esportesbrasilia.com.br\/noticias\/wp-json\/wp\/v2\/posts\/15667","targetHints":{"allow":["GET"]}}],"collection":[{"href":"https:\/\/www.esportesbrasilia.com.br\/noticias\/wp-json\/wp\/v2\/posts"}],"about":[{"href":"https:\/\/www.esportesbrasilia.com.br\/noticias\/wp-json\/wp\/v2\/types\/post"}],"author":[{"embeddable":true,"href":"https:\/\/www.esportesbrasilia.com.br\/noticias\/wp-json\/wp\/v2\/users\/42"}],"replies":[{"embeddable":true,"href":"https:\/\/www.esportesbrasilia.com.br\/noticias\/wp-json\/wp\/v2\/comments?post=15667"}],"version-history":[{"count":1,"href":"https:\/\/www.esportesbrasilia.com.br\/noticias\/wp-json\/wp\/v2\/posts\/15667\/revisions"}],"predecessor-version":[{"id":15668,"href":"https:\/\/www.esportesbrasilia.com.br\/noticias\/wp-json\/wp\/v2\/posts\/15667\/revisions\/15668"}],"wp:featuredmedia":[{"embeddable":true,"href":"https:\/\/www.esportesbrasilia.com.br\/noticias\/wp-json\/wp\/v2\/media\/14518"}],"wp:attachment":[{"href":"https:\/\/www.esportesbrasilia.com.br\/noticias\/wp-json\/wp\/v2\/media?parent=15667"}],"wp:term":[{"taxonomy":"category","embeddable":true,"href":"https:\/\/www.esportesbrasilia.com.br\/noticias\/wp-json\/wp\/v2\/categories?post=15667"},{"taxonomy":"post_tag","embeddable":true,"href":"https:\/\/www.esportesbrasilia.com.br\/noticias\/wp-json\/wp\/v2\/tags?post=15667"}],"curies":[{"name":"wp","href":"https:\/\/api.w.org\/{rel}","templated":true}]}}