{"id":15660,"date":"2020-11-30T17:46:18","date_gmt":"2020-11-30T20:46:18","guid":{"rendered":"http:\/\/www.esportesbrasilia.com.br\/noticias\/?p=15660"},"modified":"2020-11-30T17:46:21","modified_gmt":"2020-11-30T20:46:21","slug":"cbf-confirma-datas-para-jogos-da-segunda-fase-da-serie-d-2020","status":"publish","type":"post","link":"https:\/\/www.esportesbrasilia.com.br\/noticias\/futebol\/cbf-confirma-datas-para-jogos-da-segunda-fase-da-serie-d-2020.html","title":{"rendered":"CBF confirma datas para jogos da segunda fase da S\u00e9rie D 2020"},"content":{"rendered":"\n<p>Brasiliense e Gama, representantes do Distrito Federal na s\u00e9rie D 2020, e que seguem na competi\u00e7\u00e3o, j\u00e1 sabem quando v\u00e3o enfrentar os advers\u00e1rios na segunda fase do certame nacional. A Confedera\u00e7\u00e3o Brasileira de Futebol confirmou, no in\u00edcio da tarde desta segunda-feira (30), a tabela da segunda fase da S\u00e9rie D.<\/p>\n\n\n\n<p>O Brasiliense, que fez a melhor campanha dentre os 64 times que disputam a quarta divis\u00e3o nacional, via enfrentar o Real Noroeste\/ES. O primeiro jogo acontecer\u00e1 no pr\u00f3ximo domingo (06.12), \u00e0s 15h, no est\u00e1dio Jos\u00e9 Ol\u00edmpio da Rocha, em \u00c1guia Branca\/ES. O jogo da volta acontecer\u00e1 no dia 12 de dezembro, \u00e0s 16h, no est\u00e1dio Serej\u00e3o, em Taguatinga.<\/p>\n\n\n\n<p>J\u00e1 o Gama, que obteve a segunda melhor campanha na competi\u00e7\u00e3o, com 32 pontos, vai encarar o Goian\u00e9sia na sequ\u00eancia da competi\u00e7\u00e3o. A partida de ida acontece no domingo (06.12), \u00e0s 16h, no est\u00e1dio Waldeir Jos\u00e9 de Oliveira, em Goian\u00e9sia\/GO. A volta acontecer\u00e1 no dia 13 de dezembro, \u00e0s 15h, no est\u00e1dio Bezerr\u00e3o, no Gama.<\/p>\n\n\n\n<p>Quem vencer do confronto entre Brasiliense e Real Noroeste pega quem passar do duelo entre Mirassol\/SP e Caxias\/RS. J\u00e1 quem seguir da disputa entre Gama e Goian\u00e9sia enfrenta quem vencer do jogo entre Ferrovi\u00e1ria\/SP e Marc\u00edlio Dias\/SC.<\/p>\n","protected":false},"excerpt":{"rendered":"<p>Brasiliense e Gama, representantes do Distrito Federal na s\u00e9rie D 2020, e que seguem na competi\u00e7\u00e3o, j\u00e1 sabem quando v\u00e3o enfrentar os advers\u00e1rios na segunda fase do certame nacional. A Confedera\u00e7\u00e3o Brasileira de Futebol confirmou, no in\u00edcio da tarde desta segunda-feira (30), a tabela da segunda fase da S\u00e9rie D. O Brasiliense, que fez a [&hellip;]<\/p>\n","protected":false},"author":2,"featured_media":14304,"comment_status":"closed","ping_status":"closed","sticky":false,"template":"","format":"standard","meta":{"footnotes":""},"categories":[8],"tags":[],"class_list":["post-15660","post","type-post","status-publish","format-standard","has-post-thumbnail","hentry","category-futebol"],"_links":{"self":[{"href":"https:\/\/www.esportesbrasilia.com.br\/noticias\/wp-json\/wp\/v2\/posts\/15660","targetHints":{"allow":["GET"]}}],"collection":[{"href":"https:\/\/www.esportesbrasilia.com.br\/noticias\/wp-json\/wp\/v2\/posts"}],"about":[{"href":"https:\/\/www.esportesbrasilia.com.br\/noticias\/wp-json\/wp\/v2\/types\/post"}],"author":[{"embeddable":true,"href":"https:\/\/www.esportesbrasilia.com.br\/noticias\/wp-json\/wp\/v2\/users\/2"}],"replies":[{"embeddable":true,"href":"https:\/\/www.esportesbrasilia.com.br\/noticias\/wp-json\/wp\/v2\/comments?post=15660"}],"version-history":[{"count":1,"href":"https:\/\/www.esportesbrasilia.com.br\/noticias\/wp-json\/wp\/v2\/posts\/15660\/revisions"}],"predecessor-version":[{"id":15661,"href":"https:\/\/www.esportesbrasilia.com.br\/noticias\/wp-json\/wp\/v2\/posts\/15660\/revisions\/15661"}],"wp:featuredmedia":[{"embeddable":true,"href":"https:\/\/www.esportesbrasilia.com.br\/noticias\/wp-json\/wp\/v2\/media\/14304"}],"wp:attachment":[{"href":"https:\/\/www.esportesbrasilia.com.br\/noticias\/wp-json\/wp\/v2\/media?parent=15660"}],"wp:term":[{"taxonomy":"category","embeddable":true,"href":"https:\/\/www.esportesbrasilia.com.br\/noticias\/wp-json\/wp\/v2\/categories?post=15660"},{"taxonomy":"post_tag","embeddable":true,"href":"https:\/\/www.esportesbrasilia.com.br\/noticias\/wp-json\/wp\/v2\/tags?post=15660"}],"curies":[{"name":"wp","href":"https:\/\/api.w.org\/{rel}","templated":true}]}}