{"id":15620,"date":"2020-11-28T00:17:11","date_gmt":"2020-11-28T03:17:11","guid":{"rendered":"http:\/\/www.esportesbrasilia.com.br\/noticias\/?p=15620"},"modified":"2020-11-28T00:17:14","modified_gmt":"2020-11-28T03:17:14","slug":"gama-vence-atletico-alagoinhas-de-virada-e-confirma-segundo-lugar-na-chave-a6","status":"publish","type":"post","link":"https:\/\/www.esportesbrasilia.com.br\/noticias\/futebol\/gama-vence-atletico-alagoinhas-de-virada-e-confirma-segundo-lugar-na-chave-a6.html","title":{"rendered":"Gama vence Atl\u00e9tico Alagoinhas de virada e confirma segundo lugar na chave A6"},"content":{"rendered":"\n<p>Fechando a primeira fase da s\u00e9rie D do Campeonato Brasileiro, o Gama recebeu o Atl\u00e9tico Alagoinhas no est\u00e1dio Bezerr\u00e3o e, de virada, venceu por 2&#215;1, na tarde desta sexta-feira (28).<\/p>\n\n\n\n<p>Aos oito minutos, Fernandinho fez o cruzamento na grande \u00e1rea, Naiam desviou de cabe\u00e7a e o goleiro Rodrigo Cala\u00e7a defendeu, mas nos p\u00e9s de Jean, que conseguiu, no cantinho, empurrar para a rede e abrir o placar para o Atl\u00e9tico Alagoinhas.<\/p>\n\n\n\n<p>J\u00e1 aos 15, Michel Platini lan\u00e7a Rom\u00e1rio pela esquerda. O camisa oito cruza na grande \u00e1rea e, na dividida com o goleiro Lupitinha, Everton acaba se dando bem e manda pro gol, anotando o primeiro gol gamense e empatando o confronto.<\/p>\n\n\n\n<p>Com 22 minutos, veio a virada alviverde. Esquerdinha recebe passe pela direita e cruza na medida, direto na cabe\u00e7a de Michel Platini. O camisa nove apenas testa firme e vence o arqueiro Lupitinha, virando o jogo para o Gama e dando n\u00fameros finais \u00e0 partida.<\/p>\n\n\n\n<p>O resultado positivo deu ao Gama a segunda posi\u00e7\u00e3o da chave A6, com 32 pontos ganhos. J\u00e1 o Atl\u00e9tico Alagoinhas permaneceu com 24 pontos e cravou a terceira coloca\u00e7\u00e3o da chave. Agora, as duas equipes esperam a defini\u00e7\u00e3o da chave A5 para saber quais ser\u00e3o os advers\u00e1rios da segunda fase da S\u00e9rie D.<\/p>\n\n\n\n<p>O Gama enfrentar\u00e1 quem for o terceiro colocado da chave A5, enquanto o Atl\u00e9tico Alagoinhas joga diante do segundo colocado da chave A5.<\/p>\n\n\n\n<p class=\"has-text-align-center\"><strong>FICHA T\u00c9CNICA<\/strong><br><strong>CAMPEONATO BRASILEIRO S\u00c9RIE D &#8211; 14\u00aa RODADA &#8211; 1\u00aa FASE<br>GAMA 2-1 ATL\u00c9TICO ALAGOINHAS<br>27.11.20 &#8211; EST\u00c1DIO BEZERR\u00c3O &#8211; GAMA\/DF<\/strong><\/p>\n\n\n\n<p><strong>Cart\u00f5es Amarelos:<\/strong><br>Emerson, Wallace, Julio Lima (Gama)<br>Saulo (Atl\u00e9tico Alagoinhas<\/p>\n\n\n\n<p><strong>GAMA<\/strong><br>Rodrigo Cala\u00e7a; Gabriel (Filipe Werley), Gustavo Henrique e Julio Lima; Wallace (Renatinho), Rom\u00e1rio (Andrei Alba), Everton (Ueslei) e Esquerdinha; David Souza (Norton) e Michel Platini.<br>T\u00e9cnico: Vilson Tadei<\/p>\n\n\n\n<p><strong>ATL\u00c9TICO ALAGOINHAS<\/strong><br>Lupitinha; Dion\u00edsio, Iran, saulo e Guilherme (Edilton); Gilmar, Diego, Renilson (Emerson) e Fernandinho (Jo\u00e3o); Jeam e Naian.<br>T\u00e9cnico: Jos\u00e9 Carij\u00e9<\/p>\n","protected":false},"excerpt":{"rendered":"<p>Fechando a primeira fase da s\u00e9rie D do Campeonato Brasileiro, o Gama recebeu o Atl\u00e9tico Alagoinhas no est\u00e1dio Bezerr\u00e3o e, de virada, venceu por 2&#215;1, na tarde desta sexta-feira (28). Aos oito minutos, Fernandinho fez o cruzamento na grande \u00e1rea, Naiam desviou de cabe\u00e7a e o goleiro Rodrigo Cala\u00e7a defendeu, mas nos p\u00e9s de Jean, [&hellip;]<\/p>\n","protected":false},"author":2,"featured_media":8427,"comment_status":"closed","ping_status":"closed","sticky":false,"template":"","format":"standard","meta":{"footnotes":""},"categories":[8],"tags":[],"class_list":["post-15620","post","type-post","status-publish","format-standard","has-post-thumbnail","hentry","category-futebol"],"_links":{"self":[{"href":"https:\/\/www.esportesbrasilia.com.br\/noticias\/wp-json\/wp\/v2\/posts\/15620","targetHints":{"allow":["GET"]}}],"collection":[{"href":"https:\/\/www.esportesbrasilia.com.br\/noticias\/wp-json\/wp\/v2\/posts"}],"about":[{"href":"https:\/\/www.esportesbrasilia.com.br\/noticias\/wp-json\/wp\/v2\/types\/post"}],"author":[{"embeddable":true,"href":"https:\/\/www.esportesbrasilia.com.br\/noticias\/wp-json\/wp\/v2\/users\/2"}],"replies":[{"embeddable":true,"href":"https:\/\/www.esportesbrasilia.com.br\/noticias\/wp-json\/wp\/v2\/comments?post=15620"}],"version-history":[{"count":1,"href":"https:\/\/www.esportesbrasilia.com.br\/noticias\/wp-json\/wp\/v2\/posts\/15620\/revisions"}],"predecessor-version":[{"id":15621,"href":"https:\/\/www.esportesbrasilia.com.br\/noticias\/wp-json\/wp\/v2\/posts\/15620\/revisions\/15621"}],"wp:featuredmedia":[{"embeddable":true,"href":"https:\/\/www.esportesbrasilia.com.br\/noticias\/wp-json\/wp\/v2\/media\/8427"}],"wp:attachment":[{"href":"https:\/\/www.esportesbrasilia.com.br\/noticias\/wp-json\/wp\/v2\/media?parent=15620"}],"wp:term":[{"taxonomy":"category","embeddable":true,"href":"https:\/\/www.esportesbrasilia.com.br\/noticias\/wp-json\/wp\/v2\/categories?post=15620"},{"taxonomy":"post_tag","embeddable":true,"href":"https:\/\/www.esportesbrasilia.com.br\/noticias\/wp-json\/wp\/v2\/tags?post=15620"}],"curies":[{"name":"wp","href":"https:\/\/api.w.org\/{rel}","templated":true}]}}