{"id":15607,"date":"2020-11-26T19:06:19","date_gmt":"2020-11-26T22:06:19","guid":{"rendered":"http:\/\/www.esportesbrasilia.com.br\/noticias\/?p=15607"},"modified":"2020-11-26T19:06:23","modified_gmt":"2020-11-26T22:06:23","slug":"fpf-cancela-edicao-2021-da-copinha-ffdf-nao-sabe-o-que-fara-quanto-aos-times-indicados","status":"publish","type":"post","link":"https:\/\/www.esportesbrasilia.com.br\/noticias\/futebol\/fpf-cancela-edicao-2021-da-copinha-ffdf-nao-sabe-o-que-fara-quanto-aos-times-indicados.html","title":{"rendered":"FPF cancela edi\u00e7\u00e3o 2021 da Copinha. FFDF n\u00e3o sabe o que far\u00e1 quanto aos times indicados"},"content":{"rendered":"\n<p>Em nota oficial da Federa\u00e7\u00e3o Paulista de Futebol (FPF) divulgada nesta quinta-feira (26), a entidade anunciou o cancelamento do campeonato de juniores mais tradicional no Brasil: a Copa S\u00e3o Paulo de Futebol J\u00fanior de 2021.<\/p>\n\n\n\n<p>Disputada desde 1969, a competi\u00e7\u00e3o j\u00e1 revelou diversos jogadores brasileiros e serve como uma vitrine para mais de 3.800 jovens de 128 times, contando com alojamento e alimenta\u00e7\u00e3o em 31 munic\u00edpios paulistas. \u00c9 uma interrup\u00e7\u00e3o in\u00e9dita na sequ\u00eancia do campeonato desde que foi criado.<\/p>\n\n\n\n<p>O presidente da FPF, Reinaldo Carneiro Bastos, \u00e9 quem assina o informe e explica que seria imposs\u00edvel um protocolo de sa\u00fade garantir zero risco aos atletas e profissionais envolvidos na disputa. Al\u00e9m disso, o dirigente informa que a edi\u00e7\u00e3o em 2022 permitir\u00e1 a participa\u00e7\u00e3o de atletas nascidos em 2001, para que n\u00e3o haja sonhos perdidos por causa da pandemia de Covid-19.<\/p>\n\n\n\n<p>O Distrito Federal teria dois representantes na pr\u00f3xima edi\u00e7\u00e3o da Copinha: Legi\u00e3o e Planaltina, finalistas do Candang\u00e3o Juniores de 2020.<\/p>\n\n\n\n<p>Questionado sobre um poss\u00edvel remanejamento de times para a pr\u00f3xima edi\u00e7\u00e3o, j\u00e1 que os dois finalistas possuem &#8211; pelo regulamento &#8211; direito de participar de competi\u00e7\u00f5es nacionais, representando a capital federal, o diretor de futebol da Federa\u00e7\u00e3o de Futebol do Distrito Federal (FFDF), M\u00e1rcio Coutinho, disse \u00e0 reportagem da <strong>Esportes Bras\u00edlia<\/strong> que ainda n\u00e3o sabe o que far\u00e1.<\/p>\n\n\n\n<p>\u201cN\u00e3o sei como fica. Eles cancelaram esta edi\u00e7\u00e3o, em 2021 tem um outro campeonato candango de juniores e, em 2022, \u00e9 outro ano. E a\u00ed? Como faz? Automaticamente, se tiver de algu\u00e9m ser indicado para a Federa\u00e7\u00e3o Paulista, ser\u00e1 de 2021\u201d, disse o dirigente.<\/p>\n\n\n\n<p>Legi\u00e3o e Planaltina se enfrentam neste s\u00e1bado, \u00e0s 10h30, no est\u00e1dio Bezerr\u00e3o.<\/p>\n","protected":false},"excerpt":{"rendered":"<p>Em nota oficial da Federa\u00e7\u00e3o Paulista de Futebol (FPF) divulgada nesta quinta-feira (26), a entidade anunciou o cancelamento do campeonato de juniores mais tradicional no Brasil: a Copa S\u00e3o Paulo de Futebol J\u00fanior de 2021. Disputada desde 1969, a competi\u00e7\u00e3o j\u00e1 revelou diversos jogadores brasileiros e serve como uma vitrine para mais de 3.800 jovens [&hellip;]<\/p>\n","protected":false},"author":37,"featured_media":6521,"comment_status":"closed","ping_status":"closed","sticky":false,"template":"","format":"standard","meta":{"footnotes":""},"categories":[8],"tags":[],"class_list":["post-15607","post","type-post","status-publish","format-standard","has-post-thumbnail","hentry","category-futebol"],"_links":{"self":[{"href":"https:\/\/www.esportesbrasilia.com.br\/noticias\/wp-json\/wp\/v2\/posts\/15607","targetHints":{"allow":["GET"]}}],"collection":[{"href":"https:\/\/www.esportesbrasilia.com.br\/noticias\/wp-json\/wp\/v2\/posts"}],"about":[{"href":"https:\/\/www.esportesbrasilia.com.br\/noticias\/wp-json\/wp\/v2\/types\/post"}],"author":[{"embeddable":true,"href":"https:\/\/www.esportesbrasilia.com.br\/noticias\/wp-json\/wp\/v2\/users\/37"}],"replies":[{"embeddable":true,"href":"https:\/\/www.esportesbrasilia.com.br\/noticias\/wp-json\/wp\/v2\/comments?post=15607"}],"version-history":[{"count":1,"href":"https:\/\/www.esportesbrasilia.com.br\/noticias\/wp-json\/wp\/v2\/posts\/15607\/revisions"}],"predecessor-version":[{"id":15608,"href":"https:\/\/www.esportesbrasilia.com.br\/noticias\/wp-json\/wp\/v2\/posts\/15607\/revisions\/15608"}],"wp:featuredmedia":[{"embeddable":true,"href":"https:\/\/www.esportesbrasilia.com.br\/noticias\/wp-json\/wp\/v2\/media\/6521"}],"wp:attachment":[{"href":"https:\/\/www.esportesbrasilia.com.br\/noticias\/wp-json\/wp\/v2\/media?parent=15607"}],"wp:term":[{"taxonomy":"category","embeddable":true,"href":"https:\/\/www.esportesbrasilia.com.br\/noticias\/wp-json\/wp\/v2\/categories?post=15607"},{"taxonomy":"post_tag","embeddable":true,"href":"https:\/\/www.esportesbrasilia.com.br\/noticias\/wp-json\/wp\/v2\/tags?post=15607"}],"curies":[{"name":"wp","href":"https:\/\/api.w.org\/{rel}","templated":true}]}}