{"id":15575,"date":"2020-11-25T08:59:06","date_gmt":"2020-11-25T11:59:06","guid":{"rendered":"http:\/\/www.esportesbrasilia.com.br\/noticias\/?p=15575"},"modified":"2020-11-24T21:26:49","modified_gmt":"2020-11-25T00:26:49","slug":"nunes-pode-ficar-no-gama-tudo-depende-do-proprio-alviverde-garante-jornalista","status":"publish","type":"post","link":"https:\/\/www.esportesbrasilia.com.br\/noticias\/futebol\/nunes-pode-ficar-no-gama-tudo-depende-do-proprio-alviverde-garante-jornalista.html","title":{"rendered":"Nunes pode ficar no Gama. Tudo depende do pr\u00f3prio alviverde, garante jornalista"},"content":{"rendered":"\n<p><strong>Foto: Julio C\u00e9sar Silva\/Ag\u00eancia EB<\/strong><\/p>\n\n\n\n<p>Uma not\u00edcia pegou de surpresa os torcedores do Gama na noite desta ter\u00e7a-feira (24), quando o jogador Nunes anunciou que rescindiu contrato com o alviverde para a sequ\u00eancia da s\u00e9rie D do Campeonato Brasileiro.<\/p>\n\n\n\n<p>No entanto, h\u00e1 ainda uma luz no fim do t\u00fanel. Segundo o jornalista F\u00e1bio Ruas, o atacante ainda pode permanecer no alviverde para a disputa da quarta divis\u00e3o nacional. Isso porqu\u00ea o destino do camisa 09 \u00e9 o Resende\/RJ, para a disputa do carioca.<\/p>\n\n\n\n<p>Nunes j\u00e1 fechou contrato com o time do sudeste. Mas, caso o Gama pague o sal\u00e1rio de dezembro do atleta, o Resende se comprometeu a fazer um contrato de empr\u00e9stimo de Nunes para que o atacante permane\u00e7a no alviverde e jogue a reta final da s\u00e9rie D 2020.<\/p>\n\n\n\n<p>Ainda de acordo com o jornalista, o prazo final para que o alviverde realize o pagamento \u00e9 esta quinta-feira (26). Caso contr\u00e1rio, o jogador deve se apresentar nos pr\u00f3ximos dias ao Resende e iniciar a prepara\u00e7\u00e3o para o Carioc\u00e3o 2020.<\/p>\n","protected":false},"excerpt":{"rendered":"<p>Foto: Julio C\u00e9sar Silva\/Ag\u00eancia EB Uma not\u00edcia pegou de surpresa os torcedores do Gama na noite desta ter\u00e7a-feira (24), quando o jogador Nunes anunciou que rescindiu contrato com o alviverde para a sequ\u00eancia da s\u00e9rie D do Campeonato Brasileiro. No entanto, h\u00e1 ainda uma luz no fim do t\u00fanel. Segundo o jornalista F\u00e1bio Ruas, o [&hellip;]<\/p>\n","protected":false},"author":2,"featured_media":15576,"comment_status":"closed","ping_status":"closed","sticky":false,"template":"","format":"standard","meta":{"footnotes":""},"categories":[8],"tags":[],"class_list":["post-15575","post","type-post","status-publish","format-standard","has-post-thumbnail","hentry","category-futebol"],"_links":{"self":[{"href":"https:\/\/www.esportesbrasilia.com.br\/noticias\/wp-json\/wp\/v2\/posts\/15575","targetHints":{"allow":["GET"]}}],"collection":[{"href":"https:\/\/www.esportesbrasilia.com.br\/noticias\/wp-json\/wp\/v2\/posts"}],"about":[{"href":"https:\/\/www.esportesbrasilia.com.br\/noticias\/wp-json\/wp\/v2\/types\/post"}],"author":[{"embeddable":true,"href":"https:\/\/www.esportesbrasilia.com.br\/noticias\/wp-json\/wp\/v2\/users\/2"}],"replies":[{"embeddable":true,"href":"https:\/\/www.esportesbrasilia.com.br\/noticias\/wp-json\/wp\/v2\/comments?post=15575"}],"version-history":[{"count":2,"href":"https:\/\/www.esportesbrasilia.com.br\/noticias\/wp-json\/wp\/v2\/posts\/15575\/revisions"}],"predecessor-version":[{"id":15580,"href":"https:\/\/www.esportesbrasilia.com.br\/noticias\/wp-json\/wp\/v2\/posts\/15575\/revisions\/15580"}],"wp:featuredmedia":[{"embeddable":true,"href":"https:\/\/www.esportesbrasilia.com.br\/noticias\/wp-json\/wp\/v2\/media\/15576"}],"wp:attachment":[{"href":"https:\/\/www.esportesbrasilia.com.br\/noticias\/wp-json\/wp\/v2\/media?parent=15575"}],"wp:term":[{"taxonomy":"category","embeddable":true,"href":"https:\/\/www.esportesbrasilia.com.br\/noticias\/wp-json\/wp\/v2\/categories?post=15575"},{"taxonomy":"post_tag","embeddable":true,"href":"https:\/\/www.esportesbrasilia.com.br\/noticias\/wp-json\/wp\/v2\/tags?post=15575"}],"curies":[{"name":"wp","href":"https:\/\/api.w.org\/{rel}","templated":true}]}}