{"id":15482,"date":"2020-11-19T23:59:04","date_gmt":"2020-11-20T02:59:04","guid":{"rendered":"http:\/\/www.esportesbrasilia.com.br\/noticias\/?p=15482"},"modified":"2020-11-19T23:59:07","modified_gmt":"2020-11-20T02:59:07","slug":"arbitro-carioca-e-escalado-para-comandar-o-classico-64-entre-brasiliense-e-gama","status":"publish","type":"post","link":"https:\/\/www.esportesbrasilia.com.br\/noticias\/futebol\/arbitro-carioca-e-escalado-para-comandar-o-classico-64-entre-brasiliense-e-gama.html","title":{"rendered":"\u00c1rbitro carioca \u00e9 escalado para comandar o cl\u00e1ssico 64 entre Brasiliense e Gama"},"content":{"rendered":"\n<p>A Confedera\u00e7\u00e3o Brasileira de Futebol divulgou a escala de arbitragem para o cl\u00e1ssico de n\u00famero 64 a ser disputado neste s\u00e1bado (21), entre Brasiliense e Gama. A partida ser\u00e1 v\u00e1lida pela 13\u00aa rodada da primeira fase do Brasileir\u00e3o S\u00e9rie D e ter\u00e1 transmiss\u00e3o da Esportes Bras\u00edlia a partir das 15h30.<\/p>\n\n\n\n<p>Para este jogo, o \u00e1rbitro vir\u00e1 do estado do Rio de Janeiro. Paulo Renato Moreira da Silva Coelho ser\u00e1 o respons\u00e1vel por comandar a partida. Os auxiliares e o quarto \u00e1rbitro ser\u00e3o da capital federal. Leila Cruz, que pertence ao quadro da FIFA, e Lucas Modesto ser\u00e3o os bandeirinhas. O quarto \u00e1rbitro ser\u00e1 Marcello Rud\u00e1.<\/p>\n\n\n\n<p>O Gama \u00e9 o atual l\u00edder, com 29 pontos. J\u00e1 o Brasiliense est\u00e1 na segunda posi\u00e7\u00e3o, com dois pontos a menos. As duas equipes j\u00e1 est\u00e3o classificadas para a sequ\u00eancia da competi\u00e7\u00e3o.<\/p>\n","protected":false},"excerpt":{"rendered":"<p>A Confedera\u00e7\u00e3o Brasileira de Futebol divulgou a escala de arbitragem para o cl\u00e1ssico de n\u00famero 64 a ser disputado neste s\u00e1bado (21), entre Brasiliense e Gama. A partida ser\u00e1 v\u00e1lida pela 13\u00aa rodada da primeira fase do Brasileir\u00e3o S\u00e9rie D e ter\u00e1 transmiss\u00e3o da Esportes Bras\u00edlia a partir das 15h30. Para este jogo, o \u00e1rbitro [&hellip;]<\/p>\n","protected":false},"author":2,"featured_media":14304,"comment_status":"closed","ping_status":"closed","sticky":false,"template":"","format":"standard","meta":{"footnotes":""},"categories":[8],"tags":[],"class_list":["post-15482","post","type-post","status-publish","format-standard","has-post-thumbnail","hentry","category-futebol"],"_links":{"self":[{"href":"https:\/\/www.esportesbrasilia.com.br\/noticias\/wp-json\/wp\/v2\/posts\/15482","targetHints":{"allow":["GET"]}}],"collection":[{"href":"https:\/\/www.esportesbrasilia.com.br\/noticias\/wp-json\/wp\/v2\/posts"}],"about":[{"href":"https:\/\/www.esportesbrasilia.com.br\/noticias\/wp-json\/wp\/v2\/types\/post"}],"author":[{"embeddable":true,"href":"https:\/\/www.esportesbrasilia.com.br\/noticias\/wp-json\/wp\/v2\/users\/2"}],"replies":[{"embeddable":true,"href":"https:\/\/www.esportesbrasilia.com.br\/noticias\/wp-json\/wp\/v2\/comments?post=15482"}],"version-history":[{"count":1,"href":"https:\/\/www.esportesbrasilia.com.br\/noticias\/wp-json\/wp\/v2\/posts\/15482\/revisions"}],"predecessor-version":[{"id":15483,"href":"https:\/\/www.esportesbrasilia.com.br\/noticias\/wp-json\/wp\/v2\/posts\/15482\/revisions\/15483"}],"wp:featuredmedia":[{"embeddable":true,"href":"https:\/\/www.esportesbrasilia.com.br\/noticias\/wp-json\/wp\/v2\/media\/14304"}],"wp:attachment":[{"href":"https:\/\/www.esportesbrasilia.com.br\/noticias\/wp-json\/wp\/v2\/media?parent=15482"}],"wp:term":[{"taxonomy":"category","embeddable":true,"href":"https:\/\/www.esportesbrasilia.com.br\/noticias\/wp-json\/wp\/v2\/categories?post=15482"},{"taxonomy":"post_tag","embeddable":true,"href":"https:\/\/www.esportesbrasilia.com.br\/noticias\/wp-json\/wp\/v2\/tags?post=15482"}],"curies":[{"name":"wp","href":"https:\/\/api.w.org\/{rel}","templated":true}]}}