{"id":15451,"date":"2020-11-18T16:24:05","date_gmt":"2020-11-18T19:24:05","guid":{"rendered":"http:\/\/www.esportesbrasilia.com.br\/noticias\/?p=15451"},"modified":"2020-11-18T20:15:06","modified_gmt":"2020-11-18T23:15:06","slug":"uniformes-e-treinador-nao-aparecem-e-bolamense-perde-por-wo-na-estreia-da-segundinha","status":"publish","type":"post","link":"https:\/\/www.esportesbrasilia.com.br\/noticias\/futebol\/uniformes-e-treinador-nao-aparecem-e-bolamense-perde-por-wo-na-estreia-da-segundinha.html","title":{"rendered":"Uniformes e treinador n\u00e3o aparecem e Bolamense perde por WO na estreia da Segundinha"},"content":{"rendered":"\n<p>Na tarde desta quarta-feira (18), o jogo entre Bolamense e Samambaense deveria acontecer no est\u00e1dio Rorizao, em Samambaia. Mas, n\u00e3o aconteceu.<\/p>\n\n\n\n<p>Isso porque, jogadores de Samambaense e Bolamense estiveram no est\u00e1dio, mas os representantes da equipe inspirada na \u00c1frica n\u00e3o foram para o jogo.<\/p>\n\n\n\n<p>A reportagem da Esportes Bras\u00edlia apurou que somente 12 atletas do Bolamense estiveram no est\u00e1dio, mas o t\u00e9cnico da equipe, nem os uniformes de jogo, compareceram ao confronto.<\/p>\n\n\n\n<p>Desta maneira, o \u00e1rbitro Leandro Almeida aguardou os 15 minutos regulamentares, mais os 15 de espera. \u00c0s 16h05, em conjunto com o delegado Walerio C\u00e9sar, o capit\u00e3o do Samambaense foi comunicado da decis\u00e3o e o time da casa venceu o jogo por WO.<\/p>\n\n\n\n<p><strong><a href=\"https:\/\/www.esportesbrasilia.com.br\/noticias\/candangao2020serieb\">Confira a tabela da Segunda Divis\u00e3o 2020<\/a><\/strong>.<\/p>\n\n\n\n<p>O caso ser\u00e1 encaminhado para o TJD\/DF e o Bolamense pode ser multado. O Samambaense fica com os tr\u00eas pontos da partida e a vit\u00f3ria por 3&#215;0.<\/p>\n","protected":false},"excerpt":{"rendered":"<p>Na tarde desta quarta-feira (18), o jogo entre Bolamense e Samambaense deveria acontecer no est\u00e1dio Rorizao, em Samambaia. Mas, n\u00e3o aconteceu. Isso porque, jogadores de Samambaense e Bolamense estiveram no est\u00e1dio, mas os representantes da equipe inspirada na \u00c1frica n\u00e3o foram para o jogo. A reportagem da Esportes Bras\u00edlia apurou que somente 12 atletas do [&hellip;]<\/p>\n","protected":false},"author":2,"featured_media":8422,"comment_status":"closed","ping_status":"closed","sticky":false,"template":"","format":"standard","meta":{"footnotes":""},"categories":[8],"tags":[],"class_list":["post-15451","post","type-post","status-publish","format-standard","has-post-thumbnail","hentry","category-futebol"],"_links":{"self":[{"href":"https:\/\/www.esportesbrasilia.com.br\/noticias\/wp-json\/wp\/v2\/posts\/15451","targetHints":{"allow":["GET"]}}],"collection":[{"href":"https:\/\/www.esportesbrasilia.com.br\/noticias\/wp-json\/wp\/v2\/posts"}],"about":[{"href":"https:\/\/www.esportesbrasilia.com.br\/noticias\/wp-json\/wp\/v2\/types\/post"}],"author":[{"embeddable":true,"href":"https:\/\/www.esportesbrasilia.com.br\/noticias\/wp-json\/wp\/v2\/users\/2"}],"replies":[{"embeddable":true,"href":"https:\/\/www.esportesbrasilia.com.br\/noticias\/wp-json\/wp\/v2\/comments?post=15451"}],"version-history":[{"count":2,"href":"https:\/\/www.esportesbrasilia.com.br\/noticias\/wp-json\/wp\/v2\/posts\/15451\/revisions"}],"predecessor-version":[{"id":15462,"href":"https:\/\/www.esportesbrasilia.com.br\/noticias\/wp-json\/wp\/v2\/posts\/15451\/revisions\/15462"}],"wp:featuredmedia":[{"embeddable":true,"href":"https:\/\/www.esportesbrasilia.com.br\/noticias\/wp-json\/wp\/v2\/media\/8422"}],"wp:attachment":[{"href":"https:\/\/www.esportesbrasilia.com.br\/noticias\/wp-json\/wp\/v2\/media?parent=15451"}],"wp:term":[{"taxonomy":"category","embeddable":true,"href":"https:\/\/www.esportesbrasilia.com.br\/noticias\/wp-json\/wp\/v2\/categories?post=15451"},{"taxonomy":"post_tag","embeddable":true,"href":"https:\/\/www.esportesbrasilia.com.br\/noticias\/wp-json\/wp\/v2\/tags?post=15451"}],"curies":[{"name":"wp","href":"https:\/\/api.w.org\/{rel}","templated":true}]}}