{"id":15419,"date":"2020-11-16T16:45:36","date_gmt":"2020-11-16T19:45:36","guid":{"rendered":"http:\/\/www.esportesbrasilia.com.br\/noticias\/?p=15419"},"modified":"2020-11-16T12:47:54","modified_gmt":"2020-11-16T15:47:54","slug":"eb-pelo-brasil-seletividade","status":"publish","type":"post","link":"https:\/\/www.esportesbrasilia.com.br\/noticias\/colunas\/ebpelobrasil\/eb-pelo-brasil-seletividade.html","title":{"rendered":"EB Pelo Brasil: &#8220;Seletividade&#8221;"},"content":{"rendered":"\n<p>Bem, passadas as emo\u00e7\u00f5es das urnas, prefeitos e vereadores eleitos (ou esperando pelo segundo turno, nos casos do Executivo), voltamos a falar do nosso bom e velho futebol &#8211; pelo Campeonato Brasileiro, \u00e9 claro, apesar de nesta ter\u00e7a-feira temos a triste equipe de Tite entrando em campo mais uma vez pelas eliminat\u00f3rias da Copa do Mundo de 2022.<\/p>\n\n\n\n<p>Claro que n\u00e3o esqueci que na noite desta segunda-feira teremos (tivemos) jogos, ainda, mas como o tema a ser abordado independe dessas partidas &#8211; ao contr\u00e1rio, pode at\u00e9 crescer\u2026<\/p>\n\n\n\n<p>Ouvi uma vez, de um amigo, que o Brasil tem a capacidade de desmoralizar qualquer coisa, qualquer institui\u00e7\u00e3o.<\/p>\n\n\n\n<p>Claro que o VAR, o \u00e1rbitro de v\u00eddeo assistente, n\u00e3o passaria inc\u00f3lume por essa triste realidade.<\/p>\n\n\n\n<p>Vejam o que aconteceu, neste s\u00e1bado, com algumas partidas do Brasileiro da S\u00e9rie A.<br>Parece que os \u00e1rbitros assistentes tiveram olhos, digamos, mais gentis para as equipes de S\u00e3o Paulo.<\/p>\n\n\n\n<p>O Fortaleza reclama, muito, da atua\u00e7\u00e3o da arbitragem na sua partida contra o S\u00e3o Paulo. O Tricolor do Pici saiu na frente, levou a virada, foi buscar o empate e acabou derrotado. Alega, por\u00e9m, que os mo\u00e7os do apito (e do v\u00eddeo) o prejudicaram. N\u00e3o vi a partida, mas as reclama\u00e7\u00f5es parecem procedentes.<\/p>\n\n\n\n<p>Como procedentes tamb\u00e9m s\u00e3o as queixas do Fluminense no p\u00eanalti marcado diante do Palmeiras. Para piorar a situa\u00e7\u00e3o, vazou o \u00e1udio entre a cabine do VAR e o \u00e1rbitro de campo. Percebeu-se a insist\u00eancia na marca\u00e7\u00e3o da penalidade, mesmo ficando claro que o jogador tricolor apenas se defendeu de uma bolada e n\u00e3o aumentou o espa\u00e7o ocupado por seu corpo, logo\u2026 Devido \u00e0 insist\u00eancia, p\u00eanalti marcado, convertido e derrota da equipe carioca (que n\u00e3o foi necessariamente por isso, mas\u2026).<\/p>\n\n\n\n<p>O caso mais grave da seletividade aconteceu, por\u00e9m, no jogo entre Corinthians e Atl\u00e9tico Mineiro. Logo no in\u00edcio da partida houve um p\u00eanalti claro (v\u00e1 l\u00e1\u2026 claro n\u00e3o, tanto que n\u00e3o foi marcado) a favor do Galo\u2026 O jogo correu, na sequ\u00eancia o Tim\u00e3o abriu o placar. E a\u00ed? J\u00e1 imaginaram, o VAR mandar voltar o lance, dar o p\u00eanalti e ainda anular o gol de Dav\u00f3, para o Corinthians? Claro que n\u00e3o aconteceu. Menos mal que o time de Jorge Sampaoli virou o jogo e estabeleceu a verdade dos fatos, mas que o VAR agiu com parcialidade, l\u00e1 isso agiu\u2026<\/p>\n","protected":false},"excerpt":{"rendered":"<p>Bem, passadas as emo\u00e7\u00f5es das urnas, prefeitos e vereadores eleitos (ou esperando pelo segundo turno, nos casos do Executivo), voltamos a falar do nosso bom e velho futebol &#8211; pelo Campeonato Brasileiro, \u00e9 claro, apesar de nesta ter\u00e7a-feira temos a triste equipe de Tite entrando em campo mais uma vez pelas eliminat\u00f3rias da Copa do [&hellip;]<\/p>\n","protected":false},"author":42,"featured_media":14518,"comment_status":"closed","ping_status":"closed","sticky":false,"template":"","format":"standard","meta":{"footnotes":""},"categories":[779],"tags":[],"class_list":["post-15419","post","type-post","status-publish","format-standard","has-post-thumbnail","hentry","category-ebpelobrasil"],"_links":{"self":[{"href":"https:\/\/www.esportesbrasilia.com.br\/noticias\/wp-json\/wp\/v2\/posts\/15419","targetHints":{"allow":["GET"]}}],"collection":[{"href":"https:\/\/www.esportesbrasilia.com.br\/noticias\/wp-json\/wp\/v2\/posts"}],"about":[{"href":"https:\/\/www.esportesbrasilia.com.br\/noticias\/wp-json\/wp\/v2\/types\/post"}],"author":[{"embeddable":true,"href":"https:\/\/www.esportesbrasilia.com.br\/noticias\/wp-json\/wp\/v2\/users\/42"}],"replies":[{"embeddable":true,"href":"https:\/\/www.esportesbrasilia.com.br\/noticias\/wp-json\/wp\/v2\/comments?post=15419"}],"version-history":[{"count":1,"href":"https:\/\/www.esportesbrasilia.com.br\/noticias\/wp-json\/wp\/v2\/posts\/15419\/revisions"}],"predecessor-version":[{"id":15420,"href":"https:\/\/www.esportesbrasilia.com.br\/noticias\/wp-json\/wp\/v2\/posts\/15419\/revisions\/15420"}],"wp:featuredmedia":[{"embeddable":true,"href":"https:\/\/www.esportesbrasilia.com.br\/noticias\/wp-json\/wp\/v2\/media\/14518"}],"wp:attachment":[{"href":"https:\/\/www.esportesbrasilia.com.br\/noticias\/wp-json\/wp\/v2\/media?parent=15419"}],"wp:term":[{"taxonomy":"category","embeddable":true,"href":"https:\/\/www.esportesbrasilia.com.br\/noticias\/wp-json\/wp\/v2\/categories?post=15419"},{"taxonomy":"post_tag","embeddable":true,"href":"https:\/\/www.esportesbrasilia.com.br\/noticias\/wp-json\/wp\/v2\/tags?post=15419"}],"curies":[{"name":"wp","href":"https:\/\/api.w.org\/{rel}","templated":true}]}}