{"id":15411,"date":"2020-11-16T10:05:42","date_gmt":"2020-11-16T13:05:42","guid":{"rendered":"http:\/\/www.esportesbrasilia.com.br\/noticias\/?p=15411"},"modified":"2020-11-15T13:15:40","modified_gmt":"2020-11-15T16:15:40","slug":"brasiliense-tem-tres-importantes-desfalques-para-o-classico-64-contra-o-gama","status":"publish","type":"post","link":"https:\/\/www.esportesbrasilia.com.br\/noticias\/futebol\/brasiliense-tem-tres-importantes-desfalques-para-o-classico-64-contra-o-gama.html","title":{"rendered":"Brasiliense tem tr\u00eas importantes desfalques para o cl\u00e1ssico 64 contra o Gama"},"content":{"rendered":"\n<p>Entramos em mais uma semana do cl\u00e1ssico ca\u00e7ula do Brasil, envolvendo Brasiliense e Gama. As equipes se enfrentar\u00e3o neste s\u00e1bado (21), \u00e0s 16h, pela pen\u00faltima rodada da primeira fase da s\u00e9rie D do Campeonato Brasileiro. O jogo acontece no est\u00e1dio Serej\u00e3o, em Taguatinga, e ter\u00e1 a transmiss\u00e3o da <strong>Esportes Bras\u00edlia<\/strong>.<\/p>\n\n\n\n<p>Para este confronto, o Brasiliense ter\u00e1 tr\u00eas desfalques importantes. No jogo do \u00faltimo s\u00e1bado (14), diante do Bahia de Feira, no empate em 1&#215;1, o jacar\u00e9 teve duas expuls\u00f5es: Preto Costa, que chegou a nem entrar em campo e tomou o cart\u00e3o vermelho no banco de reservas, e Badhuga, que foi expulso por cometer uma falta em um defensor do time baiano.<\/p>\n\n\n\n<p>Al\u00e9m de Preto Costa e Badhuga, o Brasiliense n\u00e3o poder\u00e1 contar com Maicon Assis, que tomou o terceiro cart\u00e3o amarelo e cumprir\u00e1 suspens\u00e3o autom\u00e1tica.<\/p>\n\n\n\n<p>At\u00e9 aqui, Jacar\u00e9 e Periquito se enfrentaram por 63 oportunidades, com 21 vit\u00f3rias de cada equipe e 21 empates. Na segunda rodada da s\u00e9rie D 2020, os dois times jogaram no Bezerr\u00e3o e o Gama venceu por 2&#215;1, com gols de Wallace e Emerson, para os donos da casa, e Douglas, para o Brasiliense.<\/p>\n","protected":false},"excerpt":{"rendered":"<p>Entramos em mais uma semana do cl\u00e1ssico ca\u00e7ula do Brasil, envolvendo Brasiliense e Gama. As equipes se enfrentar\u00e3o neste s\u00e1bado (21), \u00e0s 16h, pela pen\u00faltima rodada da primeira fase da s\u00e9rie D do Campeonato Brasileiro. O jogo acontece no est\u00e1dio Serej\u00e3o, em Taguatinga, e ter\u00e1 a transmiss\u00e3o da Esportes Bras\u00edlia. Para este confronto, o Brasiliense [&hellip;]<\/p>\n","protected":false},"author":2,"featured_media":8423,"comment_status":"closed","ping_status":"closed","sticky":false,"template":"","format":"standard","meta":{"footnotes":""},"categories":[8],"tags":[],"class_list":["post-15411","post","type-post","status-publish","format-standard","has-post-thumbnail","hentry","category-futebol"],"_links":{"self":[{"href":"https:\/\/www.esportesbrasilia.com.br\/noticias\/wp-json\/wp\/v2\/posts\/15411","targetHints":{"allow":["GET"]}}],"collection":[{"href":"https:\/\/www.esportesbrasilia.com.br\/noticias\/wp-json\/wp\/v2\/posts"}],"about":[{"href":"https:\/\/www.esportesbrasilia.com.br\/noticias\/wp-json\/wp\/v2\/types\/post"}],"author":[{"embeddable":true,"href":"https:\/\/www.esportesbrasilia.com.br\/noticias\/wp-json\/wp\/v2\/users\/2"}],"replies":[{"embeddable":true,"href":"https:\/\/www.esportesbrasilia.com.br\/noticias\/wp-json\/wp\/v2\/comments?post=15411"}],"version-history":[{"count":1,"href":"https:\/\/www.esportesbrasilia.com.br\/noticias\/wp-json\/wp\/v2\/posts\/15411\/revisions"}],"predecessor-version":[{"id":15412,"href":"https:\/\/www.esportesbrasilia.com.br\/noticias\/wp-json\/wp\/v2\/posts\/15411\/revisions\/15412"}],"wp:featuredmedia":[{"embeddable":true,"href":"https:\/\/www.esportesbrasilia.com.br\/noticias\/wp-json\/wp\/v2\/media\/8423"}],"wp:attachment":[{"href":"https:\/\/www.esportesbrasilia.com.br\/noticias\/wp-json\/wp\/v2\/media?parent=15411"}],"wp:term":[{"taxonomy":"category","embeddable":true,"href":"https:\/\/www.esportesbrasilia.com.br\/noticias\/wp-json\/wp\/v2\/categories?post=15411"},{"taxonomy":"post_tag","embeddable":true,"href":"https:\/\/www.esportesbrasilia.com.br\/noticias\/wp-json\/wp\/v2\/tags?post=15411"}],"curies":[{"name":"wp","href":"https:\/\/api.w.org\/{rel}","templated":true}]}}