{"id":15358,"date":"2020-11-12T20:53:46","date_gmt":"2020-11-12T23:53:46","guid":{"rendered":"http:\/\/www.esportesbrasilia.com.br\/noticias\/?p=15358"},"modified":"2020-11-12T18:58:29","modified_gmt":"2020-11-12T21:58:29","slug":"brasilia-volei-vai-em-busca-da-primeira-vitoria-na-superliga-feminina-nesta-sexta","status":"publish","type":"post","link":"https:\/\/www.esportesbrasilia.com.br\/noticias\/volei\/brasilia-volei-vai-em-busca-da-primeira-vitoria-na-superliga-feminina-nesta-sexta.html","title":{"rendered":"Bras\u00edlia V\u00f4lei vai em busca da primeira vit\u00f3ria na Superliga Feminina nesta sexta"},"content":{"rendered":"\n<p>Nesta sexta-feira (13), o Bras\u00edlia V\u00f4lei volta \u00e0s quadras para a segunda partida pela Superliga Feminina de v\u00f4lei.<\/p>\n\n\n\n<p>Ap\u00f3s perder para o SESC Flamengo, de virada, por 3&#215;1, na estreia da competi\u00e7\u00e3o, a equipe comandada por Rog\u00e9rio Portela enfrentar\u00e1 o Praia Clube Uberl\u00e2ndia, no Gin\u00e1sio do Praia Clube, \u00e0s 19h. A equipe mineira vem de vit\u00f3ria frente ao S\u00e3o Jos\u00e9 dos Pinhais por 3&#215;0 na largada da competi\u00e7\u00e3o.<\/p>\n\n\n\n<p>Em outubro, as duas equipes j\u00e1 haviam se enfrentado no Campeonato Mineiro. Na oportunidade, o Praia Clube venceu o Bras\u00edlia V\u00f4lei por 3 sets a 0.<\/p>\n","protected":false},"excerpt":{"rendered":"<p>Nesta sexta-feira (13), o Bras\u00edlia V\u00f4lei volta \u00e0s quadras para a segunda partida pela Superliga Feminina de v\u00f4lei. Ap\u00f3s perder para o SESC Flamengo, de virada, por 3&#215;1, na estreia da competi\u00e7\u00e3o, a equipe comandada por Rog\u00e9rio Portela enfrentar\u00e1 o Praia Clube Uberl\u00e2ndia, no Gin\u00e1sio do Praia Clube, \u00e0s 19h. A equipe mineira vem de [&hellip;]<\/p>\n","protected":false},"author":2,"featured_media":8620,"comment_status":"closed","ping_status":"closed","sticky":false,"template":"","format":"standard","meta":{"footnotes":""},"categories":[11],"tags":[],"class_list":["post-15358","post","type-post","status-publish","format-standard","has-post-thumbnail","hentry","category-volei"],"_links":{"self":[{"href":"https:\/\/www.esportesbrasilia.com.br\/noticias\/wp-json\/wp\/v2\/posts\/15358","targetHints":{"allow":["GET"]}}],"collection":[{"href":"https:\/\/www.esportesbrasilia.com.br\/noticias\/wp-json\/wp\/v2\/posts"}],"about":[{"href":"https:\/\/www.esportesbrasilia.com.br\/noticias\/wp-json\/wp\/v2\/types\/post"}],"author":[{"embeddable":true,"href":"https:\/\/www.esportesbrasilia.com.br\/noticias\/wp-json\/wp\/v2\/users\/2"}],"replies":[{"embeddable":true,"href":"https:\/\/www.esportesbrasilia.com.br\/noticias\/wp-json\/wp\/v2\/comments?post=15358"}],"version-history":[{"count":1,"href":"https:\/\/www.esportesbrasilia.com.br\/noticias\/wp-json\/wp\/v2\/posts\/15358\/revisions"}],"predecessor-version":[{"id":15359,"href":"https:\/\/www.esportesbrasilia.com.br\/noticias\/wp-json\/wp\/v2\/posts\/15358\/revisions\/15359"}],"wp:featuredmedia":[{"embeddable":true,"href":"https:\/\/www.esportesbrasilia.com.br\/noticias\/wp-json\/wp\/v2\/media\/8620"}],"wp:attachment":[{"href":"https:\/\/www.esportesbrasilia.com.br\/noticias\/wp-json\/wp\/v2\/media?parent=15358"}],"wp:term":[{"taxonomy":"category","embeddable":true,"href":"https:\/\/www.esportesbrasilia.com.br\/noticias\/wp-json\/wp\/v2\/categories?post=15358"},{"taxonomy":"post_tag","embeddable":true,"href":"https:\/\/www.esportesbrasilia.com.br\/noticias\/wp-json\/wp\/v2\/tags?post=15358"}],"curies":[{"name":"wp","href":"https:\/\/api.w.org\/{rel}","templated":true}]}}