{"id":15339,"date":"2020-11-11T13:14:15","date_gmt":"2020-11-11T16:14:15","guid":{"rendered":"http:\/\/www.esportesbrasilia.com.br\/noticias\/?p=15339"},"modified":"2020-11-11T15:15:24","modified_gmt":"2020-11-11T18:15:24","slug":"ex-jogadora-do-ceilandia-e-convocada-para-amistosos-do-brasil-contra-a-argentina","status":"publish","type":"post","link":"https:\/\/www.esportesbrasilia.com.br\/noticias\/futebol\/ex-jogadora-do-ceilandia-e-convocada-para-amistosos-do-brasil-contra-a-argentina.html","title":{"rendered":"Ex-jogadora do Ceil\u00e2ndia \u00e9 convocada para amistosos do Brasil contra a Argentina"},"content":{"rendered":"\n<p><strong>Foto: Laura Zago\/CBF<\/strong><\/p>\n\n\n\n<p>A sele\u00e7\u00e3o brasileira de futebol feminino realizar\u00e1, no fim deste m\u00eas, dois amistosos contra a Argentina. Este ser\u00e1 o primeiro confronto canarinho ap\u00f3s a pandemia da Covid-19.<\/p>\n\n\n\n<p>A t\u00e9cnica brasileira Pia Sundhage anunciou, na \u00faltima segunda-feira (09), as convocadas para as partidas. Entre elas, tem uma candanga que vai representar a camisa amarela.<\/p>\n\n\n\n<p>A brasiliense Nycole Raysla, de 20 anos, foi convocada para os jogos. Atualmente no Benfica, de Portugal, a centroavante tem participado de partidas da Ta\u00e7a de Portugal, do Campeonato Portugu\u00eas e da Liga dos Campe\u00f5es da UEFA e j\u00e1 marcou sete gols na temporada 2020\/2021. Na \u00faltima temporada (2019\/2020), a jogadora anotou 17 gols em 18 partidas pelo Benfica.<\/p>\n\n\n\n<p>Nycole come\u00e7ou a carreira profissional no Gato Preto, em 2015. J\u00e1 em 2016, vestiu a camisa do Cresspom e da ADEF, time que disputa partidas de futsal. Dois anos depois, em 2018, representou o Sport Recife e, no ano seguinte, jogou pelo Minas Bras\u00edlia.<\/p>\n\n\n\n<p>Confira as jogadoras convocadas por Pia Sundhage:<\/p>\n\n\n\n<p><strong>Goleiras:<\/strong><br>Aline Reis &#8211; UD Granadilla Tenerife\/ESP<br>B\u00e1rbara &#8211; Ava\u00ed\/Kindermann<br>Let\u00edcia &#8211; Corinthians<\/p>\n\n\n\n<p><strong>Defensoras:<\/strong><br>Tamires &#8211; Corinthians<br>Erika &#8211; Corinthians<br>Bruna Benites &#8211; Internacional<br>Camilinha &#8211; Palmeiras<br>Ch\u00fa &#8211; Ferrovi\u00e1ria<br>Jucinara &#8211; Levante UD\/ESP<br>Rafaelle &#8211; Changchun Dazhong\/CHI<\/p>\n\n\n\n<p><strong>Meio-campistas:<\/strong><br>Andressa Alves &#8211; Roma\/ITA<br>Adriana &#8211; Corinthians<br>Andressinha &#8211; Corinthians<br>Val\u00e9ria &#8211; Madrid CFF\/ESP<br>Formiga &#8211; Paris St Germain\/FRA<br>Luana &#8211; Paris St Germain\/FRA<br>Marta &#8211; Orlando Pride\/EUA<br>Duda &#8211; Ava\u00ed\/Kindermann<br>Julia Bianchi &#8211; Ava\u00ed\/Kindermann<\/p>\n\n\n\n<p><strong>Atacantes:<\/strong><br>Giovana &#8211; Barcelona\/ESP<br>Ludmila &#8211; Atl\u00e9tico de Madrid\/ESP<br><strong>Nycole &#8211; Benfica\/POR<br><\/strong>Debinha &#8211; North Carolina Courage\/EUA<\/p>\n\n\n\n<p><strong>Sele\u00e7\u00e3o Sub-20:<br>Meia:<br><\/strong>Ana Vit\u00f3ria &#8211; Benfica\/POR<\/p>\n\n\n\n<p><strong>Atacante:<\/strong><br>Jaqueline &#8211; S\u00e3o Paulo<\/p>\n","protected":false},"excerpt":{"rendered":"<p>Foto: Laura Zago\/CBF A sele\u00e7\u00e3o brasileira de futebol feminino realizar\u00e1, no fim deste m\u00eas, dois amistosos contra a Argentina. Este ser\u00e1 o primeiro confronto canarinho ap\u00f3s a pandemia da Covid-19. A t\u00e9cnica brasileira Pia Sundhage anunciou, na \u00faltima segunda-feira (09), as convocadas para as partidas. Entre elas, tem uma candanga que vai representar a camisa [&hellip;]<\/p>\n","protected":false},"author":2,"featured_media":15340,"comment_status":"closed","ping_status":"closed","sticky":false,"template":"","format":"standard","meta":{"footnotes":""},"categories":[8],"tags":[],"class_list":["post-15339","post","type-post","status-publish","format-standard","has-post-thumbnail","hentry","category-futebol"],"_links":{"self":[{"href":"https:\/\/www.esportesbrasilia.com.br\/noticias\/wp-json\/wp\/v2\/posts\/15339","targetHints":{"allow":["GET"]}}],"collection":[{"href":"https:\/\/www.esportesbrasilia.com.br\/noticias\/wp-json\/wp\/v2\/posts"}],"about":[{"href":"https:\/\/www.esportesbrasilia.com.br\/noticias\/wp-json\/wp\/v2\/types\/post"}],"author":[{"embeddable":true,"href":"https:\/\/www.esportesbrasilia.com.br\/noticias\/wp-json\/wp\/v2\/users\/2"}],"replies":[{"embeddable":true,"href":"https:\/\/www.esportesbrasilia.com.br\/noticias\/wp-json\/wp\/v2\/comments?post=15339"}],"version-history":[{"count":3,"href":"https:\/\/www.esportesbrasilia.com.br\/noticias\/wp-json\/wp\/v2\/posts\/15339\/revisions"}],"predecessor-version":[{"id":15345,"href":"https:\/\/www.esportesbrasilia.com.br\/noticias\/wp-json\/wp\/v2\/posts\/15339\/revisions\/15345"}],"wp:featuredmedia":[{"embeddable":true,"href":"https:\/\/www.esportesbrasilia.com.br\/noticias\/wp-json\/wp\/v2\/media\/15340"}],"wp:attachment":[{"href":"https:\/\/www.esportesbrasilia.com.br\/noticias\/wp-json\/wp\/v2\/media?parent=15339"}],"wp:term":[{"taxonomy":"category","embeddable":true,"href":"https:\/\/www.esportesbrasilia.com.br\/noticias\/wp-json\/wp\/v2\/categories?post=15339"},{"taxonomy":"post_tag","embeddable":true,"href":"https:\/\/www.esportesbrasilia.com.br\/noticias\/wp-json\/wp\/v2\/tags?post=15339"}],"curies":[{"name":"wp","href":"https:\/\/api.w.org\/{rel}","templated":true}]}}