{"id":15312,"date":"2020-11-08T22:27:12","date_gmt":"2020-11-09T01:27:12","guid":{"rendered":"http:\/\/www.esportesbrasilia.com.br\/noticias\/?p=15312"},"modified":"2020-11-08T22:27:14","modified_gmt":"2020-11-09T01:27:14","slug":"forca-federal-fecha-primeira-participacao-na-superliga-c-masculina-com-vitoria","status":"publish","type":"post","link":"https:\/\/www.esportesbrasilia.com.br\/noticias\/volei\/forca-federal-fecha-primeira-participacao-na-superliga-c-masculina-com-vitoria.html","title":{"rendered":"For\u00e7a Federal fecha primeira participa\u00e7\u00e3o na Superliga C Masculina com vit\u00f3ria"},"content":{"rendered":"\n<p><strong>Foto: Vitor Monteiro\/Esporte Goiano<\/strong><\/p>\n\n\n\n<p>O For\u00e7a Federal, time que representou o Distrito Federal na terceira divis\u00e3o do v\u00f4lei brasileiro, encerrou a participa\u00e7\u00e3o na Superliga C Masculina neste domingo (08) com vit\u00f3ria.<\/p>\n\n\n\n<p>A equipe candanga venceu o Caldas Novas\/GO por 3 sets a 0, parciais de 25\/21, 25\/22 e 26\/24. Este foi o \u00fanico jogo vencido pelo For\u00e7a Federal.<\/p>\n\n\n\n<p>Anteriormente, o time brasiliense havia perdido para o Neurologia Ativa\/GO por 3&#215;0 (25\/16, 25\/20 e 25\/13), para o Vila Nova\/GO pelo mesmo placar (25\/17, 25\/11 e 25\/20), e para o Paysandu\/PA &#8211; de virada &#8211; por 3&#215;2 (22\/25, 23\/25, 25\/09, 25\/19 e 22\/21).<\/p>\n\n\n\n<p>Com os resultados, o For\u00e7a Federal terminou a Superliga C 2020 na quarta posi\u00e7\u00e3o, com quatro pontos ganhos. O vencedor do grupo, que foi todo disputado em Goi\u00e2nia\/GO, foi o Vila Nova, com 12 pontos. O tigr\u00e3o goiano conquistou a vaga para a Superliga B 2021.<\/p>\n\n\n\n<p>Confira a classifica\u00e7\u00e3o final da chave de Goi\u00e2nia:<\/p>\n\n\n\n<p>1\u00ba) Vila Nova\/GO &#8211; 12 pontos<br>2\u00ba) Neurologia Ativa\/GO &#8211; 09 pontos<br>3\u00ba) Paysandu\/PA &#8211; 05 pontos<br><strong>4\u00ba) For\u00e7a Federal\/DF &#8211; 04 pontos<\/strong><br>5\u00ba) Caldas Novas\/GO &#8211; 00 ponto<\/p>\n","protected":false},"excerpt":{"rendered":"<p>Foto: Vitor Monteiro\/Esporte Goiano O For\u00e7a Federal, time que representou o Distrito Federal na terceira divis\u00e3o do v\u00f4lei brasileiro, encerrou a participa\u00e7\u00e3o na Superliga C Masculina neste domingo (08) com vit\u00f3ria. A equipe candanga venceu o Caldas Novas\/GO por 3 sets a 0, parciais de 25\/21, 25\/22 e 26\/24. Este foi o \u00fanico jogo vencido [&hellip;]<\/p>\n","protected":false},"author":2,"featured_media":15313,"comment_status":"closed","ping_status":"closed","sticky":false,"template":"","format":"standard","meta":{"footnotes":""},"categories":[11],"tags":[],"class_list":["post-15312","post","type-post","status-publish","format-standard","has-post-thumbnail","hentry","category-volei"],"_links":{"self":[{"href":"https:\/\/www.esportesbrasilia.com.br\/noticias\/wp-json\/wp\/v2\/posts\/15312","targetHints":{"allow":["GET"]}}],"collection":[{"href":"https:\/\/www.esportesbrasilia.com.br\/noticias\/wp-json\/wp\/v2\/posts"}],"about":[{"href":"https:\/\/www.esportesbrasilia.com.br\/noticias\/wp-json\/wp\/v2\/types\/post"}],"author":[{"embeddable":true,"href":"https:\/\/www.esportesbrasilia.com.br\/noticias\/wp-json\/wp\/v2\/users\/2"}],"replies":[{"embeddable":true,"href":"https:\/\/www.esportesbrasilia.com.br\/noticias\/wp-json\/wp\/v2\/comments?post=15312"}],"version-history":[{"count":1,"href":"https:\/\/www.esportesbrasilia.com.br\/noticias\/wp-json\/wp\/v2\/posts\/15312\/revisions"}],"predecessor-version":[{"id":15314,"href":"https:\/\/www.esportesbrasilia.com.br\/noticias\/wp-json\/wp\/v2\/posts\/15312\/revisions\/15314"}],"wp:featuredmedia":[{"embeddable":true,"href":"https:\/\/www.esportesbrasilia.com.br\/noticias\/wp-json\/wp\/v2\/media\/15313"}],"wp:attachment":[{"href":"https:\/\/www.esportesbrasilia.com.br\/noticias\/wp-json\/wp\/v2\/media?parent=15312"}],"wp:term":[{"taxonomy":"category","embeddable":true,"href":"https:\/\/www.esportesbrasilia.com.br\/noticias\/wp-json\/wp\/v2\/categories?post=15312"},{"taxonomy":"post_tag","embeddable":true,"href":"https:\/\/www.esportesbrasilia.com.br\/noticias\/wp-json\/wp\/v2\/tags?post=15312"}],"curies":[{"name":"wp","href":"https:\/\/api.w.org\/{rel}","templated":true}]}}