{"id":15198,"date":"2020-10-28T13:50:41","date_gmt":"2020-10-28T16:50:41","guid":{"rendered":"http:\/\/www.esportesbrasilia.com.br\/noticias\/?p=15198"},"modified":"2020-10-28T13:50:44","modified_gmt":"2020-10-28T16:50:44","slug":"campanha-arrecada-r-4-mil-para-tentar-sanar-divida-do-gama-com-atletas-e-staff","status":"publish","type":"post","link":"https:\/\/www.esportesbrasilia.com.br\/noticias\/futebol\/campanha-arrecada-r-4-mil-para-tentar-sanar-divida-do-gama-com-atletas-e-staff.html","title":{"rendered":"Campanha arrecada R$ 4 mil para tentar sanar d\u00edvida do Gama com atletas e staff"},"content":{"rendered":"\n<p>Voc\u00ea leu aqui na Esportes Bras\u00edlia, nesta semana, que os jogadores do Gama entraram em greve no in\u00edcio da semana por conta do atraso de sete meses na folha de pagamento salarial.<\/p>\n\n\n\n<p>Preocupados com uma poss\u00edvel n\u00e3o-entrada em campo dos jogadores na partida deste s\u00e1bado (31), diante do Tupynamb\u00e1s\/MG, torcedores do Gama iniciaram uma campanha de arrecada\u00e7\u00e3o de dinheiro para tentar sanar &#8211; ou ajudar de alguma maneira &#8211; o problema do cofre alviverde.<\/p>\n\n\n\n<p>Segundo as redes sociais oficiais do Gama, foi arrecadada a quantia de R$ 4,2 mil em apenas 24 horas de campanha. De acordo com o jornalista Dani Pan\u00e7a, da <em>TV Band Bras\u00edlia<\/em>, que divulgou a mobiliza\u00e7\u00e3o dos torcedores, um empres\u00e1rio do ramo agropecu\u00e1rio da cidade doou, sozinho, R$ 1 mil.<\/p>\n\n\n\n<p>Para doar o dinheiro \u00e0 conta oficial do Gama, basta depositar na seguinte conta:<\/p>\n\n\n\n<p>Caixa Econ\u00f4mica Federal<br>Ag\u00eancia: 0655 \u2013 Opera\u00e7\u00e3o: 003<br>Conta: 5091-8<br>Favorecido: Sociedade Esportiva do Gama<br>CNPJ: 00.442.129\/0001-50<\/p>\n","protected":false},"excerpt":{"rendered":"<p>Voc\u00ea leu aqui na Esportes Bras\u00edlia, nesta semana, que os jogadores do Gama entraram em greve no in\u00edcio da semana por conta do atraso de sete meses na folha de pagamento salarial. Preocupados com uma poss\u00edvel n\u00e3o-entrada em campo dos jogadores na partida deste s\u00e1bado (31), diante do Tupynamb\u00e1s\/MG, torcedores do Gama iniciaram uma campanha [&hellip;]<\/p>\n","protected":false},"author":2,"featured_media":8427,"comment_status":"closed","ping_status":"closed","sticky":false,"template":"","format":"standard","meta":{"footnotes":""},"categories":[8],"tags":[],"class_list":["post-15198","post","type-post","status-publish","format-standard","has-post-thumbnail","hentry","category-futebol"],"_links":{"self":[{"href":"https:\/\/www.esportesbrasilia.com.br\/noticias\/wp-json\/wp\/v2\/posts\/15198","targetHints":{"allow":["GET"]}}],"collection":[{"href":"https:\/\/www.esportesbrasilia.com.br\/noticias\/wp-json\/wp\/v2\/posts"}],"about":[{"href":"https:\/\/www.esportesbrasilia.com.br\/noticias\/wp-json\/wp\/v2\/types\/post"}],"author":[{"embeddable":true,"href":"https:\/\/www.esportesbrasilia.com.br\/noticias\/wp-json\/wp\/v2\/users\/2"}],"replies":[{"embeddable":true,"href":"https:\/\/www.esportesbrasilia.com.br\/noticias\/wp-json\/wp\/v2\/comments?post=15198"}],"version-history":[{"count":1,"href":"https:\/\/www.esportesbrasilia.com.br\/noticias\/wp-json\/wp\/v2\/posts\/15198\/revisions"}],"predecessor-version":[{"id":15199,"href":"https:\/\/www.esportesbrasilia.com.br\/noticias\/wp-json\/wp\/v2\/posts\/15198\/revisions\/15199"}],"wp:featuredmedia":[{"embeddable":true,"href":"https:\/\/www.esportesbrasilia.com.br\/noticias\/wp-json\/wp\/v2\/media\/8427"}],"wp:attachment":[{"href":"https:\/\/www.esportesbrasilia.com.br\/noticias\/wp-json\/wp\/v2\/media?parent=15198"}],"wp:term":[{"taxonomy":"category","embeddable":true,"href":"https:\/\/www.esportesbrasilia.com.br\/noticias\/wp-json\/wp\/v2\/categories?post=15198"},{"taxonomy":"post_tag","embeddable":true,"href":"https:\/\/www.esportesbrasilia.com.br\/noticias\/wp-json\/wp\/v2\/tags?post=15198"}],"curies":[{"name":"wp","href":"https:\/\/api.w.org\/{rel}","templated":true}]}}