{"id":15178,"date":"2020-10-26T13:25:02","date_gmt":"2020-10-26T16:25:02","guid":{"rendered":"http:\/\/www.esportesbrasilia.com.br\/noticias\/?p=15178"},"modified":"2020-10-26T13:25:04","modified_gmt":"2020-10-26T16:25:04","slug":"jogadores-do-gama-entram-em-greve-e-diretoria-promete-quitacao-ate-o-fim-da-semana","status":"publish","type":"post","link":"https:\/\/www.esportesbrasilia.com.br\/noticias\/futebol\/jogadores-do-gama-entram-em-greve-e-diretoria-promete-quitacao-ate-o-fim-da-semana.html","title":{"rendered":"Jogadores do Gama entram em greve e diretoria promete quita\u00e7\u00e3o at\u00e9 o fim da semana"},"content":{"rendered":"\n<p>Os jogadores do Gama decidiram entrar em greve nesta segunda-feira (26), ap\u00f3s a goleada aplicada frente ao Palmas\/TO, por 6&#215;1. Segundo a <em>TV Globo Bras\u00edlia<\/em>, os atletas estariam h\u00e1 sete meses sem receber sal\u00e1rios. Al\u00e9m disso, a promessa de que os sal\u00e1rios seriam quitados no \u00faltimo dia 15 de outubro n\u00e3o teria sido cumprida.<\/p>\n\n\n\n<p>O Gama \u00e9 o l\u00edder da chave A6 da s\u00e9rie D do Campeonato Brasileiro e tem a melhor campanha entre os 64 times da competi\u00e7\u00e3o nacional. A diretoria alviverde chegou a quitar uma parte dos sal\u00e1rios em 08 de outubro, mas o valor faltante n\u00e3o chegou aos cofres do Gama.<\/p>\n\n\n\n<p>Ainda n\u00e3o se sabe se os jogadores n\u00e3o entrar\u00e3o em campo diante do Tupynamb\u00e1s\/MG no s\u00e1bado (31), \u00e0s 17h, no est\u00e1dio Bezerr\u00e3o, no Gama. A expectativa da diretoria \u00e9 de que o soldo seja quitado ao longo da semana.<\/p>\n\n\n\n<p>Procurada pela reportagem da <strong>Esportes Bras\u00edlia<\/strong>, a diretoria do Gama se manifestou por uma nota oficial, informando que conseguiu quitar uma folha salarial na \u00faltima semana, e que, por quest\u00f5es burocr\u00e1ticas, o valor conseguido em uma viagem \u00e0 Espanha n\u00e3o chegou \u00e0 conta do time. As cifras n\u00e3o foram reveladas.<\/p>\n\n\n\n<p>Confira a nota divulgada pela diretoria do alviverde:<\/p>\n\n\n\n<blockquote class=\"wp-block-quote is-layout-flow wp-block-quote-is-layout-flow\"><p>\u201cO que estamos passando hoje j\u00e1 era previsto pela Diretoria, pelo fato dos diretores estarem sempre muito pr\u00f3ximo de seus atletas. \u00c9 uma troca, e assim consequentemente ter essa comunica\u00e7\u00e3o direta. Na \u00faltima semana, conseguimos quitar uma folha (atletas e funcion\u00e1rios). Por quest\u00f5es burocr\u00e1ticas, os recursos que estamos buscando fora do pa\u00eds tivemos um atraso, mas ser\u00e1 resolvido o quanto antes e a Diretoria busca e luta at\u00e9 o momento. Acreditamos que essa atual situa\u00e7\u00e3o seja finalizada at\u00e9 o final da semana. E n\u00e3o \u00e9 \u00e0 toa que o clube est\u00e1 em primeiro no campeonato em vista dessa troca e aproxima\u00e7\u00e3o que existe internamente e tamb\u00e9m os atletas que est\u00e3o em hot\u00e9is est\u00e3o tendo todo o apoio, alimenta\u00e7\u00e3o garantida pelo clube, est\u00e1 tudo em dia (os Stafs) acreditamos que at\u00e9 o in\u00edcio da pr\u00f3xima semana esteja certo\u201d.<\/p><cite>NOTA DIVULGADA PELA DIRETORIA DA SOCIEDADE ESPORTIVA DO GAMA<\/cite><\/blockquote>\n","protected":false},"excerpt":{"rendered":"<p>Os jogadores do Gama decidiram entrar em greve nesta segunda-feira (26), ap\u00f3s a goleada aplicada frente ao Palmas\/TO, por 6&#215;1. Segundo a TV Globo Bras\u00edlia, os atletas estariam h\u00e1 sete meses sem receber sal\u00e1rios. Al\u00e9m disso, a promessa de que os sal\u00e1rios seriam quitados no \u00faltimo dia 15 de outubro n\u00e3o teria sido cumprida. O [&hellip;]<\/p>\n","protected":false},"author":2,"featured_media":8427,"comment_status":"closed","ping_status":"closed","sticky":false,"template":"","format":"standard","meta":{"footnotes":""},"categories":[8],"tags":[],"class_list":["post-15178","post","type-post","status-publish","format-standard","has-post-thumbnail","hentry","category-futebol"],"_links":{"self":[{"href":"https:\/\/www.esportesbrasilia.com.br\/noticias\/wp-json\/wp\/v2\/posts\/15178","targetHints":{"allow":["GET"]}}],"collection":[{"href":"https:\/\/www.esportesbrasilia.com.br\/noticias\/wp-json\/wp\/v2\/posts"}],"about":[{"href":"https:\/\/www.esportesbrasilia.com.br\/noticias\/wp-json\/wp\/v2\/types\/post"}],"author":[{"embeddable":true,"href":"https:\/\/www.esportesbrasilia.com.br\/noticias\/wp-json\/wp\/v2\/users\/2"}],"replies":[{"embeddable":true,"href":"https:\/\/www.esportesbrasilia.com.br\/noticias\/wp-json\/wp\/v2\/comments?post=15178"}],"version-history":[{"count":1,"href":"https:\/\/www.esportesbrasilia.com.br\/noticias\/wp-json\/wp\/v2\/posts\/15178\/revisions"}],"predecessor-version":[{"id":15179,"href":"https:\/\/www.esportesbrasilia.com.br\/noticias\/wp-json\/wp\/v2\/posts\/15178\/revisions\/15179"}],"wp:featuredmedia":[{"embeddable":true,"href":"https:\/\/www.esportesbrasilia.com.br\/noticias\/wp-json\/wp\/v2\/media\/8427"}],"wp:attachment":[{"href":"https:\/\/www.esportesbrasilia.com.br\/noticias\/wp-json\/wp\/v2\/media?parent=15178"}],"wp:term":[{"taxonomy":"category","embeddable":true,"href":"https:\/\/www.esportesbrasilia.com.br\/noticias\/wp-json\/wp\/v2\/categories?post=15178"},{"taxonomy":"post_tag","embeddable":true,"href":"https:\/\/www.esportesbrasilia.com.br\/noticias\/wp-json\/wp\/v2\/tags?post=15178"}],"curies":[{"name":"wp","href":"https:\/\/api.w.org\/{rel}","templated":true}]}}