{"id":15169,"date":"2020-10-26T10:52:15","date_gmt":"2020-10-26T13:52:15","guid":{"rendered":"http:\/\/www.esportesbrasilia.com.br\/noticias\/?p=15169"},"modified":"2020-10-26T10:56:37","modified_gmt":"2020-10-26T13:56:37","slug":"brasilia-basquete-da-adeus-a-asceb-e-esta-de-casa-nova","status":"publish","type":"post","link":"https:\/\/www.esportesbrasilia.com.br\/noticias\/basquete\/brasilia-basquete-da-adeus-a-asceb-e-esta-de-casa-nova.html","title":{"rendered":"Bras\u00edlia Basquete d\u00e1 adeus \u00e0 AsCEB e est\u00e1 de casa nova"},"content":{"rendered":"\n<p>Depois de mais de uma d\u00e9cada recebendo os f\u00e3s do basquete na 904 Sul, comemorar imensos t\u00edtulos, jogar partidas \u00e9picas, e diversos \u201cshows do intervalo\u201d, chegou a hora do adeus. O Bras\u00edlia Basquete n\u00e3o mais utilizar\u00e1, a partir da temporada 2020\/2021 do Novo Basquete Brasil, as instala\u00e7\u00f5es do Gin\u00e1sio da AsCEB.<\/p>\n\n\n\n<p>A informa\u00e7\u00e3o foi confirmada \u00e0 reportagem da<strong> Esportes Bras\u00edlia<\/strong> na \u00faltima sexta-feira (23) pela diretoria do time candango. O local, h\u00e1 cerca de dois anos, chegou a entrar \u2013 pela segunda vez \u2013 em leil\u00e3o, mas n\u00e3o foi arrematado. O lote, de 65,5 mil m\u00b2, estava avaliado em R$ 131,2 milh\u00f5es.<\/p>\n\n\n\n<div class=\"wp-block-image\"><figure class=\"aligncenter size-large\"><img loading=\"lazy\" decoding=\"async\" width=\"1024\" height=\"768\" src=\"https:\/\/www.esportesbrasilia.com.br\/noticias\/wp-content\/uploads\/20171219_181859-1024x768.jpg\" alt=\"\" class=\"wp-image-6484\" srcset=\"https:\/\/www.esportesbrasilia.com.br\/noticias\/wp-content\/uploads\/20171219_181859-1024x768.jpg 1024w, https:\/\/www.esportesbrasilia.com.br\/noticias\/wp-content\/uploads\/20171219_181859-300x225.jpg 300w, https:\/\/www.esportesbrasilia.com.br\/noticias\/wp-content\/uploads\/20171219_181859-768x576.jpg 768w, https:\/\/www.esportesbrasilia.com.br\/noticias\/wp-content\/uploads\/20171219_181859-80x60.jpg 80w, https:\/\/www.esportesbrasilia.com.br\/noticias\/wp-content\/uploads\/20171219_181859-265x198.jpg 265w, https:\/\/www.esportesbrasilia.com.br\/noticias\/wp-content\/uploads\/20171219_181859-696x522.jpg 696w, https:\/\/www.esportesbrasilia.com.br\/noticias\/wp-content\/uploads\/20171219_181859-1068x801.jpg 1068w, https:\/\/www.esportesbrasilia.com.br\/noticias\/wp-content\/uploads\/20171219_181859-560x420.jpg 560w\" sizes=\"auto, (max-width: 1024px) 100vw, 1024px\" \/><figcaption>Gin\u00e1sio da Asceb n\u00e3o ser\u00e1 mais palco do Bras\u00edlia Basquete no Novo Basquete Brasil &#8211; Foto: Rener Lopes\/Ag\u00eancia EB<\/figcaption><\/figure><\/div>\n\n\n\n<p>Contudo, o Bras\u00edlia Basquete n\u00e3o foi para muito longe realizar as atividades de treinamento. Apenas atravessou a W5 e foi parar na W1, mais precisamente na quadra 108 Sul, onde est\u00e1 sediado o Clube Vizinhan\u00e7a.<\/p>\n\n\n\n<p>O hist\u00f3rico palco do basquete brasiliense, onde Oscar Schmidt deu os primeiros passos com a bola laranja, ser\u00e1 o novo local de treino dos atletas na prepara\u00e7\u00e3o para a primeira mini-bolha do NBB, marcada para o gin\u00e1sio Professor Hugo Ramos, em Mogi das Cruzes\/SP.<\/p>\n\n\n\n<div class=\"wp-block-image\"><figure class=\"aligncenter size-large\"><img loading=\"lazy\" decoding=\"async\" width=\"1024\" height=\"576\" src=\"https:\/\/www.esportesbrasilia.com.br\/noticias\/wp-content\/uploads\/clubevizinhanca_div-1024x576.jpg\" alt=\"\" class=\"wp-image-15171\" srcset=\"https:\/\/www.esportesbrasilia.com.br\/noticias\/wp-content\/uploads\/clubevizinhanca_div-1024x576.jpg 1024w, https:\/\/www.esportesbrasilia.com.br\/noticias\/wp-content\/uploads\/clubevizinhanca_div-300x169.jpg 300w, https:\/\/www.esportesbrasilia.com.br\/noticias\/wp-content\/uploads\/clubevizinhanca_div-768x432.jpg 768w, https:\/\/www.esportesbrasilia.com.br\/noticias\/wp-content\/uploads\/clubevizinhanca_div-1536x864.jpg 1536w, https:\/\/www.esportesbrasilia.com.br\/noticias\/wp-content\/uploads\/clubevizinhanca_div-2048x1152.jpg 2048w\" sizes=\"auto, (max-width: 1024px) 100vw, 1024px\" \/><figcaption>Gin\u00e1sio do Clube Vizinhan\u00e7a sediou partidas da LBF temporada 2014\/2015 e do Campeonato Brasiliense de Basquete &#8211; Foto: Divulga\u00e7\u00e3o\/AKROSDF<\/figcaption><\/figure><\/div>\n\n\n\n<p>Quem tamb\u00e9m j\u00e1 pisou no tablado do clube da Asa Sul foi o atual t\u00e9cnico do Bras\u00edlia Basquete, Ricardo Oliveira. Por meio da assessoria de imprensa da equipe, Ricardo contou um pouco da viv\u00eancia com o basquete dentro do \u201cVizi\u201d, como carinhosamente o clube \u00e9 chamado.<\/p>\n\n\n\n<p>\u201cEu me sinto honrado [de estar aqui]. Tive aqui dentro do Vizinhan\u00e7a, como atleta, muitas alegrias. Fui tr\u00eas vezes quarto lugar da Ta\u00e7a Brasil de clubes campe\u00f5es, aprendi muito com grandes treinadores, como Zez\u00e3o, Maleta, Paulo Roxo, Mi\u00fara, que me influenciaram e contribu\u00edram para ser o que sou como treinador\u201d, contou.,<\/p>\n\n\n\n<div class=\"wp-block-image\"><figure class=\"aligncenter size-large\"><img loading=\"lazy\" decoding=\"async\" width=\"1024\" height=\"735\" src=\"https:\/\/www.esportesbrasilia.com.br\/noticias\/wp-content\/uploads\/ricardooliveira_vizi-1024x735.jpg\" alt=\"\" class=\"wp-image-15170\" srcset=\"https:\/\/www.esportesbrasilia.com.br\/noticias\/wp-content\/uploads\/ricardooliveira_vizi-1024x735.jpg 1024w, https:\/\/www.esportesbrasilia.com.br\/noticias\/wp-content\/uploads\/ricardooliveira_vizi-300x215.jpg 300w, https:\/\/www.esportesbrasilia.com.br\/noticias\/wp-content\/uploads\/ricardooliveira_vizi-768x551.jpg 768w, https:\/\/www.esportesbrasilia.com.br\/noticias\/wp-content\/uploads\/ricardooliveira_vizi.jpg 1280w\" sizes=\"auto, (max-width: 1024px) 100vw, 1024px\" \/><figcaption>Ricardo Oliveira, na \u00e9poca em que era atleta do Clube Vizinhan\u00e7a &#8211; Foto: Divulga\u00e7\u00e3o<\/figcaption><\/figure><\/div>\n\n\n\n<p>Sobre a ida do Bras\u00edlia Basquete para o Vizinhan\u00e7a, o treinador comenta que est\u00e1 com a expectativa em alta e prev\u00ea um futuro promissor para o time: \u201cAcho que \u00e9 um bom sinal come\u00e7ar a temporada nesse clube que \u00e9 tradicional na hist\u00f3ria do basquete e no Distrito Federal\u201d, finaliza.<\/p>\n\n\n\n<p>A estreia do Basquete Bras\u00edlia no NBB 13 acontece no dia 14 de novembro, diante do Paulistano, \u00e0s 17h30, no Gin\u00e1sio Professor Hugo Ramos.<\/p>\n\n\n\n<p>Vale lembrar que, al\u00e9m do Bras\u00edlia Basquete, o Cerrado Basquete tamb\u00e9m representar\u00e1 a capital federal na competi\u00e7\u00e3o nacional. As partidas da mini-bolha de Bras\u00edlia ser\u00e3o disputadas no Gin\u00e1sio da Iesplan, palco do verd\u00e3o candango.<\/p>\n","protected":false},"excerpt":{"rendered":"<p>Depois de mais de uma d\u00e9cada recebendo os f\u00e3s do basquete na 904 Sul, comemorar imensos t\u00edtulos, jogar partidas \u00e9picas, e diversos \u201cshows do intervalo\u201d, chegou a hora do adeus. O Bras\u00edlia Basquete n\u00e3o mais utilizar\u00e1, a partir da temporada 2020\/2021 do Novo Basquete Brasil, as instala\u00e7\u00f5es do Gin\u00e1sio da AsCEB. A informa\u00e7\u00e3o foi confirmada [&hellip;]<\/p>\n","protected":false},"author":2,"featured_media":6484,"comment_status":"closed","ping_status":"closed","sticky":false,"template":"","format":"standard","meta":{"footnotes":""},"categories":[12],"tags":[],"class_list":["post-15169","post","type-post","status-publish","format-standard","has-post-thumbnail","hentry","category-basquete"],"_links":{"self":[{"href":"https:\/\/www.esportesbrasilia.com.br\/noticias\/wp-json\/wp\/v2\/posts\/15169","targetHints":{"allow":["GET"]}}],"collection":[{"href":"https:\/\/www.esportesbrasilia.com.br\/noticias\/wp-json\/wp\/v2\/posts"}],"about":[{"href":"https:\/\/www.esportesbrasilia.com.br\/noticias\/wp-json\/wp\/v2\/types\/post"}],"author":[{"embeddable":true,"href":"https:\/\/www.esportesbrasilia.com.br\/noticias\/wp-json\/wp\/v2\/users\/2"}],"replies":[{"embeddable":true,"href":"https:\/\/www.esportesbrasilia.com.br\/noticias\/wp-json\/wp\/v2\/comments?post=15169"}],"version-history":[{"count":3,"href":"https:\/\/www.esportesbrasilia.com.br\/noticias\/wp-json\/wp\/v2\/posts\/15169\/revisions"}],"predecessor-version":[{"id":15174,"href":"https:\/\/www.esportesbrasilia.com.br\/noticias\/wp-json\/wp\/v2\/posts\/15169\/revisions\/15174"}],"wp:featuredmedia":[{"embeddable":true,"href":"https:\/\/www.esportesbrasilia.com.br\/noticias\/wp-json\/wp\/v2\/media\/6484"}],"wp:attachment":[{"href":"https:\/\/www.esportesbrasilia.com.br\/noticias\/wp-json\/wp\/v2\/media?parent=15169"}],"wp:term":[{"taxonomy":"category","embeddable":true,"href":"https:\/\/www.esportesbrasilia.com.br\/noticias\/wp-json\/wp\/v2\/categories?post=15169"},{"taxonomy":"post_tag","embeddable":true,"href":"https:\/\/www.esportesbrasilia.com.br\/noticias\/wp-json\/wp\/v2\/tags?post=15169"}],"curies":[{"name":"wp","href":"https:\/\/api.w.org\/{rel}","templated":true}]}}