{"id":15092,"date":"2020-10-20T11:41:09","date_gmt":"2020-10-20T14:41:09","guid":{"rendered":"http:\/\/www.esportesbrasilia.com.br\/noticias\/?p=15092"},"modified":"2020-10-20T11:41:12","modified_gmt":"2020-10-20T14:41:12","slug":"eb-pelo-brasil-a-quem-seguir","status":"publish","type":"post","link":"https:\/\/www.esportesbrasilia.com.br\/noticias\/colunas\/ebpelobrasil\/eb-pelo-brasil-a-quem-seguir.html","title":{"rendered":"EB pelo Brasil: &#8220;A quem seguir?&#8221;"},"content":{"rendered":"\n<p>A express\u00e3o segue o l\u00edder virou s\u00edmbolo de provoca\u00e7\u00e3o no futebol brasileiro. H\u00e1 dois ou tr\u00eas anos, quando o Flamengo disparou na ponta e acabou perdendo o t\u00edtulo do Brasileiro, por ironia. Em 2019, com a brilhante campanha do rubro-negro carioca (quer terminou com o primeiro lugar), como ponto de afirma\u00e7\u00e3o de sua imensa torcida.<\/p>\n\n\n\n<p>Este ano, por\u00e9m, vale a pergunta: que l\u00edder seguir?<\/p>\n\n\n\n<p>Na rodada que terminou na noite desta segunda-feira, com a derrota do Atl\u00e9tico Mineiro para o Bahia, o Galo perdeu a chance de ficar em primeiro lugar de imediato &#8211; escrevo assim porque, com uma partida a realizar, o time de Jorge Sampaoli reassume o primeiro lugar em caso de vit\u00f3ria quando igualar o n\u00famero de partidas dos principais rivais, no caso, Flamengo e Internacional.<\/p>\n\n\n\n<div class=\"wp-block-image\"><figure class=\"aligncenter size-large\"><img loading=\"lazy\" decoding=\"async\" width=\"1024\" height=\"683\" src=\"https:\/\/www.esportesbrasilia.com.br\/noticias\/wp-content\/uploads\/bahiaxatleticomg_felipeoliveira_bahiaec-1024x683.jpg\" alt=\"\" class=\"wp-image-15093\" srcset=\"https:\/\/www.esportesbrasilia.com.br\/noticias\/wp-content\/uploads\/bahiaxatleticomg_felipeoliveira_bahiaec-1024x683.jpg 1024w, https:\/\/www.esportesbrasilia.com.br\/noticias\/wp-content\/uploads\/bahiaxatleticomg_felipeoliveira_bahiaec-300x200.jpg 300w, https:\/\/www.esportesbrasilia.com.br\/noticias\/wp-content\/uploads\/bahiaxatleticomg_felipeoliveira_bahiaec-768x512.jpg 768w, https:\/\/www.esportesbrasilia.com.br\/noticias\/wp-content\/uploads\/bahiaxatleticomg_felipeoliveira_bahiaec-1536x1024.jpg 1536w, https:\/\/www.esportesbrasilia.com.br\/noticias\/wp-content\/uploads\/bahiaxatleticomg_felipeoliveira_bahiaec.jpg 2048w\" sizes=\"auto, (max-width: 1024px) 100vw, 1024px\" \/><figcaption>Bahia vence o Atl\u00e9tico MG na Fonte Nova &#8211; Foto: Felipe Oliveira\/EC Bahia<\/figcaption><\/figure><\/div>\n\n\n\n<p>Mas\u2026 Se o Galo perder, o l\u00edder, no saldo de gols, \u00e9 o Internacional. Apesar de Coudet, seu treinador, como teimam provocar os jornalistas ga\u00fachos. Isso quer dizer que, sem for\u00e7ar m\u00e1gicas ou falsas declara\u00e7\u00f5es, temos, na realidade, tr\u00eas l\u00edderes: Internacional, Flamengo e Atl\u00e9tico Mineiro. Equil\u00edbrio \u00e9 a t\u00f4nica deste Brasileiro.<\/p>\n\n\n\n<p>E n\u00e3o podemos esquecer do S\u00e3o Paulo, que est\u00e1 um pouco mais atr\u00e1s, mas com dois jogos &#8220;de d\u00edvida&#8221;, ou seja, a equipe comandada por Fernando Diniz pode, a qualquer momento, encostar no tr\u00eas times j\u00e1 citados e embolar ainda mais a briga pelo t\u00edtulo &#8211; que, h\u00e1 uma semana, critiquei quando falaram que somente Flamengo e Atl\u00e9tico Mineiro estariam na luta pelo trof\u00e9u.<\/p>\n\n\n\n<p>Por falar em trof\u00e9u, e lembrando a triste situa\u00e7\u00e3o do Cruzeiro na S\u00e9rie B, outro grande trof\u00e9u que est\u00e1 em jogo neste Brasileiro \u00e9 a perman\u00eancia na S\u00e9rie A. Sim\u2026 Ser um dos 16 primeiros colocados do Brasileiro vale um trof\u00e9u de notas e prest\u00edgio. Notas de real, \u00e9 bom que fique claro.<\/p>\n\n\n\n<p>Com o fim do &#8220;seguro S\u00e9rie A&#8221;, que pagava aos rebaixados, por um ano, o valor que receberia da televis\u00e3o mesmo rebaixado, ficou mais do que claro que cair pode significar nunca mais aplumar-se &#8211; e entrar no limbo do futebol nacional.<\/p>\n\n\n\n<p>Neste caso, da luta contra o rebaixamento, ningu\u00e9m quer seguir a lanterna. O &#8220;segue o l\u00edder&#8221; \u00e0s avessas \u00e9 um perigo que todos desejam afastar. E temos gente boa, peixes gra\u00fados, nesta luta.<\/p>\n","protected":false},"excerpt":{"rendered":"<p>A express\u00e3o segue o l\u00edder virou s\u00edmbolo de provoca\u00e7\u00e3o no futebol brasileiro. H\u00e1 dois ou tr\u00eas anos, quando o Flamengo disparou na ponta e acabou perdendo o t\u00edtulo do Brasileiro, por ironia. Em 2019, com a brilhante campanha do rubro-negro carioca (quer terminou com o primeiro lugar), como ponto de afirma\u00e7\u00e3o de sua imensa torcida. [&hellip;]<\/p>\n","protected":false},"author":42,"featured_media":14518,"comment_status":"closed","ping_status":"closed","sticky":false,"template":"","format":"standard","meta":{"footnotes":""},"categories":[779],"tags":[],"class_list":["post-15092","post","type-post","status-publish","format-standard","has-post-thumbnail","hentry","category-ebpelobrasil"],"_links":{"self":[{"href":"https:\/\/www.esportesbrasilia.com.br\/noticias\/wp-json\/wp\/v2\/posts\/15092","targetHints":{"allow":["GET"]}}],"collection":[{"href":"https:\/\/www.esportesbrasilia.com.br\/noticias\/wp-json\/wp\/v2\/posts"}],"about":[{"href":"https:\/\/www.esportesbrasilia.com.br\/noticias\/wp-json\/wp\/v2\/types\/post"}],"author":[{"embeddable":true,"href":"https:\/\/www.esportesbrasilia.com.br\/noticias\/wp-json\/wp\/v2\/users\/42"}],"replies":[{"embeddable":true,"href":"https:\/\/www.esportesbrasilia.com.br\/noticias\/wp-json\/wp\/v2\/comments?post=15092"}],"version-history":[{"count":1,"href":"https:\/\/www.esportesbrasilia.com.br\/noticias\/wp-json\/wp\/v2\/posts\/15092\/revisions"}],"predecessor-version":[{"id":15094,"href":"https:\/\/www.esportesbrasilia.com.br\/noticias\/wp-json\/wp\/v2\/posts\/15092\/revisions\/15094"}],"wp:featuredmedia":[{"embeddable":true,"href":"https:\/\/www.esportesbrasilia.com.br\/noticias\/wp-json\/wp\/v2\/media\/14518"}],"wp:attachment":[{"href":"https:\/\/www.esportesbrasilia.com.br\/noticias\/wp-json\/wp\/v2\/media?parent=15092"}],"wp:term":[{"taxonomy":"category","embeddable":true,"href":"https:\/\/www.esportesbrasilia.com.br\/noticias\/wp-json\/wp\/v2\/categories?post=15092"},{"taxonomy":"post_tag","embeddable":true,"href":"https:\/\/www.esportesbrasilia.com.br\/noticias\/wp-json\/wp\/v2\/tags?post=15092"}],"curies":[{"name":"wp","href":"https:\/\/api.w.org\/{rel}","templated":true}]}}