{"id":15051,"date":"2020-10-19T09:10:54","date_gmt":"2020-10-19T12:10:54","guid":{"rendered":"http:\/\/www.esportesbrasilia.com.br\/noticias\/?p=15051"},"modified":"2020-10-16T19:57:09","modified_gmt":"2020-10-16T22:57:09","slug":"cbv-divulga-tabela-da-superliga-feminina-2020-e-brasilia-volei-estreia-fora-de-casa","status":"publish","type":"post","link":"https:\/\/www.esportesbrasilia.com.br\/noticias\/volei\/cbv-divulga-tabela-da-superliga-feminina-2020-e-brasilia-volei-estreia-fora-de-casa.html","title":{"rendered":"CBV divulga tabela da Superliga Feminina 2020 e Bras\u00edlia V\u00f4lei estreia fora de casa"},"content":{"rendered":"\n<p>A Confedera\u00e7\u00e3o Brasileira de V\u00f4lei divulgou, na \u00faltima semana, a tabela oficial da Superliga Feminina de V\u00f4lei edi\u00e7\u00e3o 2020\/2021. A competi\u00e7\u00e3o ter\u00e1 a presen\u00e7a de 12 equipes e, mais uma vez, volta a ter a presen\u00e7a do Bras\u00edlia V\u00f4lei como representante da capital federal no certame.<\/p>\n\n\n\n<p>O time, comandado por Fl\u00e1vio Thiessen e treinado por Rog\u00e9rio Portela, conquistou a melhor campanha na primeira fase da Superliga Feminina B 2020. Por conta da pandemia da Covid-19, nenhum time foi declarado campe\u00e3o e, com isso, a equipe foi promovida novamente \u00e0 primeira divis\u00e3o nacional.<\/p>\n\n\n\n<p>O Bras\u00edlia V\u00f4lei dar\u00e1 a largada na Superliga Feminina no dia 10 de novembro, \u00e0s 21h30, mas fora de casa. O advers\u00e1rio ser\u00e1 o SESC Flamengo, no gin\u00e1sio H\u00e9lio Maur\u00edcio, localizado na G\u00e1vea, no Rio de Janeiro\/RJ.<\/p>\n\n\n\n<p>A primeira partida em territ\u00f3rio candango ser\u00e1 apenas no dia 17 de novembro, \u00e0s 20h, quando o Bras\u00edlia V\u00f4lei receber\u00e1 o S\u00e3o Jos\u00e9 dos Pinhais\/PR no Gin\u00e1sio do SESI Taguatinga. Vale lembrar que todas as partidas da Superliga Feminina ser\u00e3o disputadas sem a presen\u00e7a de p\u00fablico<\/p>\n\n\n\n<p>O campeonato ser\u00e1 disputado em ida e volta, com os 12 times se enfrentando diretamente. Os oito melhores seguem para as quartas de final, disputadas em melhor de tr\u00eas partidas. Quem passar, disputa as semifinais, tamb\u00e9m em tr\u00eas jogos. Os finalistas buscam o t\u00edtulo da mesma maneira, em tr\u00eas jogos.<\/p>\n\n\n\n<p>Confira a tabela do Bras\u00edlia V\u00f4lei na primeira fase da competi\u00e7\u00e3o:<\/p>\n\n\n\n<p>10\/11 21.30 &#8211; SESC Flamengo x <strong>Bras\u00edlia V\u00f4lei<\/strong><br>13\/11 19.00 &#8211; Praia Clube x <strong>Bras\u00edlia V\u00f4lei<\/strong><br>17\/11 20.00 &#8211; <strong>Bras\u00edlia V\u00f4lei<\/strong> x S\u00e3o Jos\u00e9 dos Pinhais<br>21\/11 17.00 &#8211; <strong>Bras\u00edlia V\u00f4lei<\/strong> x S\u00e3o Caetano<br>24\/11 21.30 &#8211; Pinheiros x <strong>Bras\u00edlia V\u00f4lei<\/strong><br>28\/11 17.00 &#8211; <strong>Bras\u00edlia V\u00f4lei<\/strong> x Curitiba<br>01\/12 17.00 &#8211; Fluminense x <strong>Bras\u00edlia V\u00f4lei<\/strong><br>04\/12 17.00 &#8211; <strong>Bras\u00edlia V\u00f4lei<\/strong> x S\u00e3o Paulo\/Barueri<br>12\/12 21.30 &#8211; Osasco x <strong>Bras\u00edlia V\u00f4lei<\/strong><br>18\/12 17.00 &#8211; <strong>Bras\u00edlia V\u00f4lei<\/strong> x SESI Bauru<br>22\/12 21.30 &#8211; Minas x <strong>Bras\u00edlia V\u00f4lei<\/strong><\/p>\n","protected":false},"excerpt":{"rendered":"<p>A Confedera\u00e7\u00e3o Brasileira de V\u00f4lei divulgou, na \u00faltima semana, a tabela oficial da Superliga Feminina de V\u00f4lei edi\u00e7\u00e3o 2020\/2021. A competi\u00e7\u00e3o ter\u00e1 a presen\u00e7a de 12 equipes e, mais uma vez, volta a ter a presen\u00e7a do Bras\u00edlia V\u00f4lei como representante da capital federal no certame. O time, comandado por Fl\u00e1vio Thiessen e treinado por [&hellip;]<\/p>\n","protected":false},"author":2,"featured_media":8620,"comment_status":"closed","ping_status":"closed","sticky":false,"template":"","format":"standard","meta":{"footnotes":""},"categories":[11],"tags":[],"class_list":["post-15051","post","type-post","status-publish","format-standard","has-post-thumbnail","hentry","category-volei"],"_links":{"self":[{"href":"https:\/\/www.esportesbrasilia.com.br\/noticias\/wp-json\/wp\/v2\/posts\/15051","targetHints":{"allow":["GET"]}}],"collection":[{"href":"https:\/\/www.esportesbrasilia.com.br\/noticias\/wp-json\/wp\/v2\/posts"}],"about":[{"href":"https:\/\/www.esportesbrasilia.com.br\/noticias\/wp-json\/wp\/v2\/types\/post"}],"author":[{"embeddable":true,"href":"https:\/\/www.esportesbrasilia.com.br\/noticias\/wp-json\/wp\/v2\/users\/2"}],"replies":[{"embeddable":true,"href":"https:\/\/www.esportesbrasilia.com.br\/noticias\/wp-json\/wp\/v2\/comments?post=15051"}],"version-history":[{"count":1,"href":"https:\/\/www.esportesbrasilia.com.br\/noticias\/wp-json\/wp\/v2\/posts\/15051\/revisions"}],"predecessor-version":[{"id":15054,"href":"https:\/\/www.esportesbrasilia.com.br\/noticias\/wp-json\/wp\/v2\/posts\/15051\/revisions\/15054"}],"wp:featuredmedia":[{"embeddable":true,"href":"https:\/\/www.esportesbrasilia.com.br\/noticias\/wp-json\/wp\/v2\/media\/8620"}],"wp:attachment":[{"href":"https:\/\/www.esportesbrasilia.com.br\/noticias\/wp-json\/wp\/v2\/media?parent=15051"}],"wp:term":[{"taxonomy":"category","embeddable":true,"href":"https:\/\/www.esportesbrasilia.com.br\/noticias\/wp-json\/wp\/v2\/categories?post=15051"},{"taxonomy":"post_tag","embeddable":true,"href":"https:\/\/www.esportesbrasilia.com.br\/noticias\/wp-json\/wp\/v2\/tags?post=15051"}],"curies":[{"name":"wp","href":"https:\/\/api.w.org\/{rel}","templated":true}]}}