{"id":14887,"date":"2020-10-05T22:19:43","date_gmt":"2020-10-06T01:19:43","guid":{"rendered":"http:\/\/www.esportesbrasilia.com.br\/noticias\/?p=14887"},"modified":"2020-10-05T22:19:46","modified_gmt":"2020-10-06T01:19:46","slug":"eb-pelo-brasil-galo-doido","status":"publish","type":"post","link":"https:\/\/www.esportesbrasilia.com.br\/noticias\/colunas\/ebpelobrasil\/eb-pelo-brasil-galo-doido.html","title":{"rendered":"EB pelo Brasil: &#8220;Galo Doido&#8221;"},"content":{"rendered":"\n<p>Se fosse em outros tempos, sem as novidades do fim da acentua\u00e7\u00e3o diferencial, poderia valor tamb\u00e9m um Galo que serve para machucar os rivais. Neste instante, por\u00e9m, ficamos mesmo no Galo enlouquecido, enlouquecedor, que vem fazendo sua galera vibrar a cada rodada do Brasileiro, comandado por um n\u00e3o menos louco Jorge Sampaoli.<\/p>\n\n\n\n<p>O alvinegro mineiro, \u00fanico representante das Minas Gerais este ano na S\u00e9rie A do Brasileiro, vem mostrando um futebol para l\u00e1 de atraente e agrad\u00e1vel neste in\u00edcio do torneio. Os mais cr\u00edticos dir\u00e3o que sua tarefa est\u00e1 facilitada pelo fato de que, entre os times que disputam efetivamente o t\u00edtulo nacional, o Atl\u00e9tico Mineiro ser o \u00fanico que tem apenas o Brasileiro &#8211; o que \u00e9 verdade, afinal, foi eliminado precocemente da Copa do Brasil e da Sul-Americana. Mas\u2026 Conhecem aquela velha hist\u00f3ria do &#8220;quem n\u00e3o tem compet\u00eancia, n\u00e3o se estabelece&#8221;? Pois \u00e9\u2026<\/p>\n\n\n\n<p>O Atl\u00e9tico Mineiro n\u00e3o tem culpa se Flamengo, Palmeiras e Internacional (para citar apenas os perseguidores mais pr\u00f3ximos) est\u00e3o em outras competi\u00e7\u00f5es. Montem times, diria a cartolagem mineira. O que Sampaoli vem fazendo, com intelig\u00eancia, \u00e9 justamente isso: aproveitar que os outros se dividem e fica concentrado, 100%, no Brasileiro. Por isso, entre outras raz\u00f5es, \u00e9 o \u00fanico time com aproveitamento integral quando manda seus jogos em seu est\u00e1dio. E isso faz uma grande diferen\u00e7a, podem acreditar.<\/p>\n\n\n\n<p>N\u00e3o vou fazer como alguns divulgadores de informa\u00e7\u00e3o (me recuso a chamar de jornalistas, mesmo porque muitos n\u00e3o o s\u00e3o) que, neste fim de semana, j\u00e1 decretaram que apenas o Atl\u00e9tico Mineiro e o Flamengo (que parece estar engrenando) brigar\u00e3o pelo t\u00edtulo nacional deste ano. Exagero. Estamos apenas no primeiro ter\u00e7o das 38 rodadas e muita \u00e1gua vai rolar sob esta ponte. Mas como recebem um microfone nas m\u00e3os (ou na lapela) e precisam falar\u2026<\/p>\n\n\n\n<p>O que se pode ter certeza, mesmo, \u00e9 que este Galo do Sampaoli \u00e9 doido e doido &#8211; para os advers\u00e1rios.<\/p>\n","protected":false},"excerpt":{"rendered":"<p>Se fosse em outros tempos, sem as novidades do fim da acentua\u00e7\u00e3o diferencial, poderia valor tamb\u00e9m um Galo que serve para machucar os rivais. Neste instante, por\u00e9m, ficamos mesmo no Galo enlouquecido, enlouquecedor, que vem fazendo sua galera vibrar a cada rodada do Brasileiro, comandado por um n\u00e3o menos louco Jorge Sampaoli. O alvinegro mineiro, [&hellip;]<\/p>\n","protected":false},"author":42,"featured_media":14518,"comment_status":"closed","ping_status":"closed","sticky":false,"template":"","format":"standard","meta":{"footnotes":""},"categories":[779],"tags":[],"class_list":["post-14887","post","type-post","status-publish","format-standard","has-post-thumbnail","hentry","category-ebpelobrasil"],"_links":{"self":[{"href":"https:\/\/www.esportesbrasilia.com.br\/noticias\/wp-json\/wp\/v2\/posts\/14887","targetHints":{"allow":["GET"]}}],"collection":[{"href":"https:\/\/www.esportesbrasilia.com.br\/noticias\/wp-json\/wp\/v2\/posts"}],"about":[{"href":"https:\/\/www.esportesbrasilia.com.br\/noticias\/wp-json\/wp\/v2\/types\/post"}],"author":[{"embeddable":true,"href":"https:\/\/www.esportesbrasilia.com.br\/noticias\/wp-json\/wp\/v2\/users\/42"}],"replies":[{"embeddable":true,"href":"https:\/\/www.esportesbrasilia.com.br\/noticias\/wp-json\/wp\/v2\/comments?post=14887"}],"version-history":[{"count":1,"href":"https:\/\/www.esportesbrasilia.com.br\/noticias\/wp-json\/wp\/v2\/posts\/14887\/revisions"}],"predecessor-version":[{"id":14888,"href":"https:\/\/www.esportesbrasilia.com.br\/noticias\/wp-json\/wp\/v2\/posts\/14887\/revisions\/14888"}],"wp:featuredmedia":[{"embeddable":true,"href":"https:\/\/www.esportesbrasilia.com.br\/noticias\/wp-json\/wp\/v2\/media\/14518"}],"wp:attachment":[{"href":"https:\/\/www.esportesbrasilia.com.br\/noticias\/wp-json\/wp\/v2\/media?parent=14887"}],"wp:term":[{"taxonomy":"category","embeddable":true,"href":"https:\/\/www.esportesbrasilia.com.br\/noticias\/wp-json\/wp\/v2\/categories?post=14887"},{"taxonomy":"post_tag","embeddable":true,"href":"https:\/\/www.esportesbrasilia.com.br\/noticias\/wp-json\/wp\/v2\/tags?post=14887"}],"curies":[{"name":"wp","href":"https:\/\/api.w.org\/{rel}","templated":true}]}}