{"id":14715,"date":"2020-09-21T11:21:28","date_gmt":"2020-09-21T14:21:28","guid":{"rendered":"http:\/\/www.esportesbrasilia.com.br\/noticias\/?p=14715"},"modified":"2020-09-21T11:28:35","modified_gmt":"2020-09-21T14:28:35","slug":"eb-pelo-brasil-e-agora","status":"publish","type":"post","link":"https:\/\/www.esportesbrasilia.com.br\/noticias\/colunas\/ebpelobrasil\/eb-pelo-brasil-e-agora.html","title":{"rendered":"EB pelo Brasil: &#8220;E agora?&#8221;"},"content":{"rendered":"\n<p>N\u00e3o tem jeito. Felizmente o jornalismo \u00e9 assim. O Jornalismo Esportivo, ent\u00e3o\u2026 Sempre digo que o Jornalista Esportivo \u00e9 o verdadeiro jornalista. Afinal de contas, apenas n\u00f3s estamos presentes no momento do fato. Vemos o gol, narramos a quebra dos recordes, presenciamos a cesta decisiva no \u00faltimo segundo\u2026 Os demais colegas registram. N\u00f3s vemos. E ponto final. E qual a raz\u00e3o desta introdu\u00e7\u00e3o? Bem\u2026 Meu trato com o <strong>Esportes Bras\u00edlia<\/strong> seria falar do Campeonato Brasileiro, mas as coisas acontecem e temos o dever de registrar. Se n\u00e3o, n\u00e3o \u00e9 jornalismo.<\/p>\n\n\n\n<p>Neste fim de semana, muito mais importante (ou impactante) do que o Atl\u00e9tico Mineiro assumir a ponta do Brasileiro da S\u00e9rie A (vou falar sobre isso ainda hoje), a grande bomba foi o fato de seis jogadores (at\u00e9 o momento em que escrevo, \u00e9 bom que fique claro) do Flamengo terem testado positivo para a Covid-19. Isso mesmo: pelo menos meio time do rubro-negro carioca, campe\u00e3o do Brasil e das Am\u00e9ricas em 2019, est\u00e1 com Covid-19. E isso foi detectado logo depois da humilhante goleada sofrida diante do Independiente Del Valle (5 a 0), pela Libertadores.<\/p>\n\n\n\n<p>A Conmebol j\u00e1 avisou que n\u00e3o h\u00e1 chance de o jogo desta ter\u00e7a-feira, contra o Barcelona, em Guaiaquil, no Equador, ser adiado. \u00c9 do jogo. Outros times que participam da competi\u00e7\u00e3o tamb\u00e9m est\u00e3o com jogadores infectados e est\u00e3o jogando. Algumas quest\u00f5es, por\u00e9m, se imp\u00f5em e deixam d\u00favidas no ar. Me parece claro que os jogadores n\u00e3o foram infectados no Equador. N\u00e3o daria tempo para isso. Sendo assim, viajaram para l\u00e1 com o v\u00edrus. Mas\u2026 O Flamengo (e todos os demais participantes) n\u00e3o precisam apresentar atestados de exames realizados? N\u00e3o lhes parece estranho? Lembrando que viajaram num voo fretado, com diversos dirigentes &#8211; e certamente ningu\u00e9m manteve distanciamento social, nem respeitou lugares marcados. Ou seja\u2026<\/p>\n\n\n\n<p>Falemos, agora, do Brasileiro. O Internacional chegou \u00e0 rodada do fim de semana em primeiro lugar. Foi ao Cear\u00e1 e perdeu para o Fortaleza. O Galo, em Goi\u00e2nia, sofreu, muito, mas bateu o Drag\u00e3o. Com o resultado, a equipe de Jorge Sampaoli assumiu a ponta. Detalhe: o time mineiro, que s\u00f3 participa do Brasileiro, teve a semana inteira para preparar-se, enquanto o Colorado jogou pela Libertadores (ali\u00e1s, isso acontecer\u00e1 tamb\u00e9m nesta semana). E n\u00e3o foi s\u00f3 o Internacional que sofreu com a loucura do calend\u00e1rio, n\u00e3o. O Vasco perdeu para o Coritiba; o Fluminense, poupando v\u00e1rios jogadores para a partida de volta contra o Atl\u00e9tico Goianiense, pela Copa do Brasil, tamb\u00e9m perdeu\u2026<\/p>\n\n\n\n<p>E pensar que, no Rio de Janeiro, o prefeito quer reabrir o Maracan\u00e3 garantindo que com isso tirar\u00e1 20 mil pessoas das praias\u2026 Ser\u00e1 que ningu\u00e9m pode falar com ele que a pessoa pode ir \u00e0 praia pela manh\u00e3, almo\u00e7ar num restaurante (que tamb\u00e9m est\u00e1 liberado) e depois seguir para o futebol?<\/p>\n","protected":false},"excerpt":{"rendered":"<p>N\u00e3o tem jeito. Felizmente o jornalismo \u00e9 assim. O Jornalismo Esportivo, ent\u00e3o\u2026 Sempre digo que o Jornalista Esportivo \u00e9 o verdadeiro jornalista. Afinal de contas, apenas n\u00f3s estamos presentes no momento do fato. Vemos o gol, narramos a quebra dos recordes, presenciamos a cesta decisiva no \u00faltimo segundo\u2026 Os demais colegas registram. N\u00f3s vemos. E [&hellip;]<\/p>\n","protected":false},"author":42,"featured_media":14518,"comment_status":"closed","ping_status":"closed","sticky":false,"template":"","format":"standard","meta":{"footnotes":""},"categories":[779],"tags":[],"class_list":["post-14715","post","type-post","status-publish","format-standard","has-post-thumbnail","hentry","category-ebpelobrasil"],"_links":{"self":[{"href":"https:\/\/www.esportesbrasilia.com.br\/noticias\/wp-json\/wp\/v2\/posts\/14715","targetHints":{"allow":["GET"]}}],"collection":[{"href":"https:\/\/www.esportesbrasilia.com.br\/noticias\/wp-json\/wp\/v2\/posts"}],"about":[{"href":"https:\/\/www.esportesbrasilia.com.br\/noticias\/wp-json\/wp\/v2\/types\/post"}],"author":[{"embeddable":true,"href":"https:\/\/www.esportesbrasilia.com.br\/noticias\/wp-json\/wp\/v2\/users\/42"}],"replies":[{"embeddable":true,"href":"https:\/\/www.esportesbrasilia.com.br\/noticias\/wp-json\/wp\/v2\/comments?post=14715"}],"version-history":[{"count":2,"href":"https:\/\/www.esportesbrasilia.com.br\/noticias\/wp-json\/wp\/v2\/posts\/14715\/revisions"}],"predecessor-version":[{"id":14717,"href":"https:\/\/www.esportesbrasilia.com.br\/noticias\/wp-json\/wp\/v2\/posts\/14715\/revisions\/14717"}],"wp:featuredmedia":[{"embeddable":true,"href":"https:\/\/www.esportesbrasilia.com.br\/noticias\/wp-json\/wp\/v2\/media\/14518"}],"wp:attachment":[{"href":"https:\/\/www.esportesbrasilia.com.br\/noticias\/wp-json\/wp\/v2\/media?parent=14715"}],"wp:term":[{"taxonomy":"category","embeddable":true,"href":"https:\/\/www.esportesbrasilia.com.br\/noticias\/wp-json\/wp\/v2\/categories?post=14715"},{"taxonomy":"post_tag","embeddable":true,"href":"https:\/\/www.esportesbrasilia.com.br\/noticias\/wp-json\/wp\/v2\/tags?post=14715"}],"curies":[{"name":"wp","href":"https:\/\/api.w.org\/{rel}","templated":true}]}}