{"id":14605,"date":"2020-09-15T09:59:32","date_gmt":"2020-09-15T12:59:32","guid":{"rendered":"http:\/\/www.esportesbrasilia.com.br\/noticias\/?p=14605"},"modified":"2020-09-15T14:06:35","modified_gmt":"2020-09-15T17:06:35","slug":"confirmado-no-nbb-cerrado-basquete-traz-primeiros-reforcos-para-a-temporada-20-21","status":"publish","type":"post","link":"https:\/\/www.esportesbrasilia.com.br\/noticias\/basquete\/confirmado-no-nbb-cerrado-basquete-traz-primeiros-reforcos-para-a-temporada-20-21.html","title":{"rendered":"Confirmado no NBB, Cerrado Basquete traz primeiros refor\u00e7os para a temporada 20\/21"},"content":{"rendered":"\n<p><em>Atualizada em 15\/09\/20 \u00e0s 14:05<\/em><\/p>\n\n\n\n<p>O Cerrado Basquete, um dos representantes do Distrito Federal no NBB13, come\u00e7ou a montar o elenco para a disputa da competi\u00e7\u00e3o nacional. Ap\u00f3s ter a vaga confirmada na \u00faltima sexta-feira (11), o time treinado por Bruno Lopes pode ter a chegada de quatro refor\u00e7os.<\/p>\n\n\n\n<p>Segundo o rep\u00f3rter Lucas Guanaes, do site <em>Locomotiva Esportiva<\/em>, quem desembarca pelos lados da Asa Sul s\u00e3o o armador Lucas Lima, os alas Paulo Louren\u00e7o e Daniel Von Haydin e o ala\/piv\u00f4 Douglas Nunes.<\/p>\n\n\n\n<p>Esta ser\u00e1 a volta de Paulo Louren\u00e7o, de 26 anos, ao elenco do Cerrado Basquete, onde atuou no elenco candango na campanha da Liga Ouro 2018. Na \u00faltima temporada, o ala estava no Pato Basquete e obteve uma m\u00e9dia de nove pontos, dois rebotes e uma assist\u00eancia.<\/p>\n\n\n\n<div class=\"wp-block-image\"><figure class=\"aligncenter size-large\"><img loading=\"lazy\" decoding=\"async\" width=\"1024\" height=\"683\" src=\"https:\/\/www.esportesbrasilia.com.br\/noticias\/wp-content\/uploads\/cerradoxbufalos_carlosteixeira_5-1024x683.jpg\" alt=\"\" class=\"wp-image-7705\" srcset=\"https:\/\/www.esportesbrasilia.com.br\/noticias\/wp-content\/uploads\/cerradoxbufalos_carlosteixeira_5-1024x683.jpg 1024w, https:\/\/www.esportesbrasilia.com.br\/noticias\/wp-content\/uploads\/cerradoxbufalos_carlosteixeira_5-300x200.jpg 300w, https:\/\/www.esportesbrasilia.com.br\/noticias\/wp-content\/uploads\/cerradoxbufalos_carlosteixeira_5-768x512.jpg 768w, https:\/\/www.esportesbrasilia.com.br\/noticias\/wp-content\/uploads\/cerradoxbufalos_carlosteixeira_5-696x464.jpg 696w, https:\/\/www.esportesbrasilia.com.br\/noticias\/wp-content\/uploads\/cerradoxbufalos_carlosteixeira_5-1068x712.jpg 1068w, https:\/\/www.esportesbrasilia.com.br\/noticias\/wp-content\/uploads\/cerradoxbufalos_carlosteixeira_5-630x420.jpg 630w, https:\/\/www.esportesbrasilia.com.br\/noticias\/wp-content\/uploads\/cerradoxbufalos_carlosteixeira_5.jpg 1200w\" sizes=\"auto, (max-width: 1024px) 100vw, 1024px\" \/><figcaption>Paulo Louren\u00e7o protagonizou um dos principais lances da Liga Ouro 2018, quando vestia a camisa do Cerrado Basquete &#8211; Foto: Carlos Teixeira\/Ag\u00eancia EB<\/figcaption><\/figure><\/div>\n\n\n\n<p>Sobre os outros refor\u00e7os, o armador Lucas Lima tem 25 anos e estava no Minas T\u00eanis Clube na temporada 2018\/2019.<\/p>\n\n\n\n<p>J\u00e1 o ala Daniel Von Haydin tem 21 anos, 1,95m de altura, e se destacou na Liga de Desenvolvimento de Basquete de 2019, quando vestiu a camisa do Corinthians e obteve uma m\u00e9dia de 19,3 pontos por jogo, sendo o segundo maior da competi\u00e7\u00e3o. Em uma \u00fanica partida, diante do Minas, quando o time paulista venceu por 89&#215;86, Daniel anotou incr\u00edveis 41 pontos e dez rebotes.<\/p>\n\n\n\n<p>O ala\/piv\u00f4 Douglas Nunes, de 33 anos. O uberlandense disputou a temporada 2019\/2020 do NBB pela Unifacisa\/PB e anotou uma m\u00e9dia de 11,4 pontos por partida. Al\u00e9m de passagens por S\u00e3o Jos\u00e9 Basket, Palmeiras, Minas, Bauru e Campo Mour\u00e3o, Douglas j\u00e1 atuou por times da Espanha, como o La Coru\u00f1a e o M\u00e9rida.<\/p>\n\n\n\n<p>A reportagem da <strong>Esportes Bras\u00edlia<\/strong> procurou a diretoria do Cerrado Basquete para confirmar as contrata\u00e7\u00f5es. Segundo Felipe Bretas, diretor da equipe, o nome de Paulo Louren\u00e7o est\u00e1 confirmado como refor\u00e7o do time candango. Os demais ainda est\u00e3o em negocia\u00e7\u00e3o e h\u00e1 interesse em outros jogadores para compor o elenco.<\/p>\n","protected":false},"excerpt":{"rendered":"<p>Atualizada em 15\/09\/20 \u00e0s 14:05 O Cerrado Basquete, um dos representantes do Distrito Federal no NBB13, come\u00e7ou a montar o elenco para a disputa da competi\u00e7\u00e3o nacional. Ap\u00f3s ter a vaga confirmada na \u00faltima sexta-feira (11), o time treinado por Bruno Lopes pode ter a chegada de quatro refor\u00e7os. Segundo o rep\u00f3rter Lucas Guanaes, do [&hellip;]<\/p>\n","protected":false},"author":2,"featured_media":14397,"comment_status":"closed","ping_status":"closed","sticky":false,"template":"","format":"standard","meta":{"footnotes":""},"categories":[12],"tags":[],"class_list":["post-14605","post","type-post","status-publish","format-standard","has-post-thumbnail","hentry","category-basquete"],"_links":{"self":[{"href":"https:\/\/www.esportesbrasilia.com.br\/noticias\/wp-json\/wp\/v2\/posts\/14605","targetHints":{"allow":["GET"]}}],"collection":[{"href":"https:\/\/www.esportesbrasilia.com.br\/noticias\/wp-json\/wp\/v2\/posts"}],"about":[{"href":"https:\/\/www.esportesbrasilia.com.br\/noticias\/wp-json\/wp\/v2\/types\/post"}],"author":[{"embeddable":true,"href":"https:\/\/www.esportesbrasilia.com.br\/noticias\/wp-json\/wp\/v2\/users\/2"}],"replies":[{"embeddable":true,"href":"https:\/\/www.esportesbrasilia.com.br\/noticias\/wp-json\/wp\/v2\/comments?post=14605"}],"version-history":[{"count":3,"href":"https:\/\/www.esportesbrasilia.com.br\/noticias\/wp-json\/wp\/v2\/posts\/14605\/revisions"}],"predecessor-version":[{"id":14608,"href":"https:\/\/www.esportesbrasilia.com.br\/noticias\/wp-json\/wp\/v2\/posts\/14605\/revisions\/14608"}],"wp:featuredmedia":[{"embeddable":true,"href":"https:\/\/www.esportesbrasilia.com.br\/noticias\/wp-json\/wp\/v2\/media\/14397"}],"wp:attachment":[{"href":"https:\/\/www.esportesbrasilia.com.br\/noticias\/wp-json\/wp\/v2\/media?parent=14605"}],"wp:term":[{"taxonomy":"category","embeddable":true,"href":"https:\/\/www.esportesbrasilia.com.br\/noticias\/wp-json\/wp\/v2\/categories?post=14605"},{"taxonomy":"post_tag","embeddable":true,"href":"https:\/\/www.esportesbrasilia.com.br\/noticias\/wp-json\/wp\/v2\/tags?post=14605"}],"curies":[{"name":"wp","href":"https:\/\/api.w.org\/{rel}","templated":true}]}}