{"id":14601,"date":"2020-09-14T22:15:19","date_gmt":"2020-09-15T01:15:19","guid":{"rendered":"http:\/\/www.esportesbrasilia.com.br\/noticias\/?p=14601"},"modified":"2020-09-14T22:15:22","modified_gmt":"2020-09-15T01:15:22","slug":"brasiliense-ja-tem-data-de-estreia-na-fase-de-grupos-da-serie-d-2020","status":"publish","type":"post","link":"https:\/\/www.esportesbrasilia.com.br\/noticias\/futebol\/brasiliense-ja-tem-data-de-estreia-na-fase-de-grupos-da-serie-d-2020.html","title":{"rendered":"Brasiliense j\u00e1 tem data de estreia na fase de grupos da S\u00e9rie D 2020"},"content":{"rendered":"\n<p>A Confedera\u00e7\u00e3o Brasileira de Futebol divulgou, na noite desta segunda-feira (14), a tabela completa da primeira fase da s\u00e9rie D do Campeonato Brasileiro, j\u00e1 incluindo a participa\u00e7\u00e3o do Brasiliense.<\/p>\n\n\n\n<p>O jacar\u00e9 garantiu a vaga na fase de grupos de competi\u00e7\u00e3o ap\u00f3s golear o Tocantin\u00f3polis\/TO por 4&#215;0, no est\u00e1dio Man\u00e9 Garrincha, e reverter a vantagem obtida pelo clube do norte do pa\u00eds no jogo de ida da fase preliminar.<\/p>\n\n\n\n<p>O Brasiliense vai mandar todos os jogos no est\u00e1dio Nacional Man\u00e9 Garrincha durante a primeira fase. A estreia ser\u00e1 contra a Caldense\/MG, neste domingo (20), \u00e0s 15h, com transmiss\u00e3o da <strong>Esportes Bras\u00edlia<\/strong>.<\/p>\n\n\n\n<p>Confira os jogos da primeira fase:<\/p>\n\n\n\n<p>20.09 &#8211; 15h &#8211; <strong>Brasiliense<\/strong> x Caldense<br>26.09 &#8211; 17h &#8211; Gama x <strong>Brasiliense<\/strong><br>30.09 &#8211; 19h &#8211; Bahia de Feira de Santana x <strong>Brasiliense<\/strong><br>04.10 &#8211; 15h &#8211; <strong>Brasiliense<\/strong> x Atl\u00e9tico Alagoinhas<br>11.10 &#8211; 15h &#8211; <strong>Brasiliense<\/strong> x Palmas<br>14.10 &#8211; 20h30 &#8211; Tupynamb\u00e1s x <strong>Brasiliense<\/strong><br>18.10 &#8211; 15h &#8211; <strong>Brasiliense<\/strong> x Villa Nova<\/p>\n","protected":false},"excerpt":{"rendered":"<p>A Confedera\u00e7\u00e3o Brasileira de Futebol divulgou, na noite desta segunda-feira (14), a tabela completa da primeira fase da s\u00e9rie D do Campeonato Brasileiro, j\u00e1 incluindo a participa\u00e7\u00e3o do Brasiliense. O jacar\u00e9 garantiu a vaga na fase de grupos de competi\u00e7\u00e3o ap\u00f3s golear o Tocantin\u00f3polis\/TO por 4&#215;0, no est\u00e1dio Man\u00e9 Garrincha, e reverter a vantagem obtida [&hellip;]<\/p>\n","protected":false},"author":2,"featured_media":8423,"comment_status":"closed","ping_status":"closed","sticky":false,"template":"","format":"standard","meta":{"footnotes":""},"categories":[8],"tags":[],"class_list":["post-14601","post","type-post","status-publish","format-standard","has-post-thumbnail","hentry","category-futebol"],"_links":{"self":[{"href":"https:\/\/www.esportesbrasilia.com.br\/noticias\/wp-json\/wp\/v2\/posts\/14601","targetHints":{"allow":["GET"]}}],"collection":[{"href":"https:\/\/www.esportesbrasilia.com.br\/noticias\/wp-json\/wp\/v2\/posts"}],"about":[{"href":"https:\/\/www.esportesbrasilia.com.br\/noticias\/wp-json\/wp\/v2\/types\/post"}],"author":[{"embeddable":true,"href":"https:\/\/www.esportesbrasilia.com.br\/noticias\/wp-json\/wp\/v2\/users\/2"}],"replies":[{"embeddable":true,"href":"https:\/\/www.esportesbrasilia.com.br\/noticias\/wp-json\/wp\/v2\/comments?post=14601"}],"version-history":[{"count":1,"href":"https:\/\/www.esportesbrasilia.com.br\/noticias\/wp-json\/wp\/v2\/posts\/14601\/revisions"}],"predecessor-version":[{"id":14602,"href":"https:\/\/www.esportesbrasilia.com.br\/noticias\/wp-json\/wp\/v2\/posts\/14601\/revisions\/14602"}],"wp:featuredmedia":[{"embeddable":true,"href":"https:\/\/www.esportesbrasilia.com.br\/noticias\/wp-json\/wp\/v2\/media\/8423"}],"wp:attachment":[{"href":"https:\/\/www.esportesbrasilia.com.br\/noticias\/wp-json\/wp\/v2\/media?parent=14601"}],"wp:term":[{"taxonomy":"category","embeddable":true,"href":"https:\/\/www.esportesbrasilia.com.br\/noticias\/wp-json\/wp\/v2\/categories?post=14601"},{"taxonomy":"post_tag","embeddable":true,"href":"https:\/\/www.esportesbrasilia.com.br\/noticias\/wp-json\/wp\/v2\/tags?post=14601"}],"curies":[{"name":"wp","href":"https:\/\/api.w.org\/{rel}","templated":true}]}}