{"id":14596,"date":"2020-09-14T16:10:05","date_gmt":"2020-09-14T19:10:05","guid":{"rendered":"http:\/\/www.esportesbrasilia.com.br\/noticias\/?p=14596"},"modified":"2020-09-14T15:29:55","modified_gmt":"2020-09-14T18:29:55","slug":"eb-pelo-brasil-racismo-jamais","status":"publish","type":"post","link":"https:\/\/www.esportesbrasilia.com.br\/noticias\/colunas\/ebpelobrasil\/eb-pelo-brasil-racismo-jamais.html","title":{"rendered":"EB pelo Brasil: &#8220;Racismo jamais&#8221;"},"content":{"rendered":"\n<p>Sei que a promessa feita \u00e0 chefia foi escrever sobre o que rola pelo Brasil, em especial o Campeonato Brasileiro, mas n\u00e3o d\u00e1 para deixar passar o que aconteceu (ou n\u00e3o?) com Neymar neste fim de semana, no jogo do Campeonato Franc\u00eas entre Paris Saint-Germain e Olympique de Marselle.<\/p>\n\n\n\n<p>As rea\u00e7\u00f5es, tanto de Neymar, quanto do seu poss\u00edvel ofensor, n\u00e3o podem ficar apenas no disse-me-disse. A Federa\u00e7\u00e3o Francesa de Futebol, Neymar, o Paris Saint-Germain, enfim\u2026 Todos os envolvidos devem manifestar-se. O &#8220;cascudo&#8221;, &#8220;pedala Robinho&#8221;, &#8220;tapinha&#8221;, ou sei l\u00e1 o que, de Neymar, no espanhol, \u00e9 vis\u00edvel &#8211; e, sinceramente, n\u00e3o me parece caso de expuls\u00e3o.<\/p>\n\n\n\n<p>Mas a frase racista, essa precisa ser investigada e, se descoberta, deve provocar puni\u00e7\u00f5es dr\u00e1sticas. E n\u00e3o apenas ao jogador. O time tamb\u00e9m deve ser punido. S\u00f3 assim, com puni\u00e7\u00e3o a todos os atores da novela, quem sabe um dia chegaremos a uma sociedade na qual o racismo seja totalmente um cap\u00edtulo do passado.<\/p>\n\n\n\n<h4 class=\"wp-block-heading\">Tudo embolado<\/h4>\n\n\n\n<p>Entre o Internacional, l\u00edder, e o Palmeiras, sexto colocado, s\u00e3o apenas tr\u00eas pontos de diferen\u00e7a. Dist\u00e2ncia que pode deixar de existir (Colorado e Verd\u00e3o), se a equipe comandada por Vanderlei Luxemburgo &#8220;pagar&#8221; a partida que deve, da primeira rodada, ainda n\u00e3o realizada &#8211; o Palmeiras decidia o t\u00edtulo paulista, da\u00ed o adiamento. Ou seja\u2026 O sexto colocado pode ser o Flamengo, fato que n\u00e3o ir\u00e1 mudar a dist\u00e2ncia na tabela de classifica\u00e7\u00e3o entre o l\u00edder e o dono da \u00faltima vaga (hoje) para a Libertadores da Am\u00e9rica de 2021.<\/p>\n\n\n\n<p>Se esticarmos a fita de distanciamento, chegando \u00e0 12\u00aa coloca\u00e7\u00e3o, a diferen\u00e7a passa a ser de oito pontos. Do Internacional ao Gr\u00eamio (juro que a escolha das posi\u00e7\u00f5es n\u00e3o foi proposital) s\u00e3o oito pontos, tr\u00eas vit\u00f3rias &#8211; e o tricolor ga\u00facho, \u00e9 bom lembrar, tem tamb\u00e9m uma partida a menos do que o seu maior rival. Se o Corinthians, que est\u00e1 em 15\u00ba lugar, vencer a partida atrasada, tamb\u00e9m somar\u00e1 12 pontos ganhos e ampliar\u00e1 a lista citada para a inclus\u00e3o do 13\u00ba colocado.<\/p>\n\n\n\n<p>J\u00e1 pararam para pensar? Entre os 13 primeiros colocados do principal torneio do futebol brasileiro apenas oito pontos de diferen\u00e7a. E com 28 jogos (84 pontos em disputa) a realizar. \u00c9 ou n\u00e3o emocionante? E sempre lembrando que, a partir desta semana teremos v\u00e1rias destas equipes envolvidas em outras competi\u00e7\u00f5es, paralelamente. Desgaste, estresse, contus\u00f5es, falta de treinos\u2026<\/p>\n\n\n\n<p>Acredito que, no fim deste m\u00eas, quando tivermos 12 rodadas realizadas, as dist\u00e2ncias estejam um pouco mais definidas. A &#8220;embola\u00e7\u00e3o&#8221; dever\u00e1 dar lugar a um distanciamento que nos permitir\u00e1 identificar, claramente, quem est\u00e1 na briga pelo t\u00edtulo, quem s\u00f3 quer sonhar com uma vaguinha na Libertadores e\u2026 Bem, at\u00e9 quem vai sofrer at\u00e9 o fim para fugir ao rebaixamento.<\/p>\n","protected":false},"excerpt":{"rendered":"<p>Sei que a promessa feita \u00e0 chefia foi escrever sobre o que rola pelo Brasil, em especial o Campeonato Brasileiro, mas n\u00e3o d\u00e1 para deixar passar o que aconteceu (ou n\u00e3o?) com Neymar neste fim de semana, no jogo do Campeonato Franc\u00eas entre Paris Saint-Germain e Olympique de Marselle. As rea\u00e7\u00f5es, tanto de Neymar, quanto [&hellip;]<\/p>\n","protected":false},"author":42,"featured_media":14518,"comment_status":"closed","ping_status":"closed","sticky":false,"template":"","format":"standard","meta":{"footnotes":""},"categories":[779],"tags":[],"class_list":["post-14596","post","type-post","status-publish","format-standard","has-post-thumbnail","hentry","category-ebpelobrasil"],"_links":{"self":[{"href":"https:\/\/www.esportesbrasilia.com.br\/noticias\/wp-json\/wp\/v2\/posts\/14596","targetHints":{"allow":["GET"]}}],"collection":[{"href":"https:\/\/www.esportesbrasilia.com.br\/noticias\/wp-json\/wp\/v2\/posts"}],"about":[{"href":"https:\/\/www.esportesbrasilia.com.br\/noticias\/wp-json\/wp\/v2\/types\/post"}],"author":[{"embeddable":true,"href":"https:\/\/www.esportesbrasilia.com.br\/noticias\/wp-json\/wp\/v2\/users\/42"}],"replies":[{"embeddable":true,"href":"https:\/\/www.esportesbrasilia.com.br\/noticias\/wp-json\/wp\/v2\/comments?post=14596"}],"version-history":[{"count":3,"href":"https:\/\/www.esportesbrasilia.com.br\/noticias\/wp-json\/wp\/v2\/posts\/14596\/revisions"}],"predecessor-version":[{"id":14599,"href":"https:\/\/www.esportesbrasilia.com.br\/noticias\/wp-json\/wp\/v2\/posts\/14596\/revisions\/14599"}],"wp:featuredmedia":[{"embeddable":true,"href":"https:\/\/www.esportesbrasilia.com.br\/noticias\/wp-json\/wp\/v2\/media\/14518"}],"wp:attachment":[{"href":"https:\/\/www.esportesbrasilia.com.br\/noticias\/wp-json\/wp\/v2\/media?parent=14596"}],"wp:term":[{"taxonomy":"category","embeddable":true,"href":"https:\/\/www.esportesbrasilia.com.br\/noticias\/wp-json\/wp\/v2\/categories?post=14596"},{"taxonomy":"post_tag","embeddable":true,"href":"https:\/\/www.esportesbrasilia.com.br\/noticias\/wp-json\/wp\/v2\/tags?post=14596"}],"curies":[{"name":"wp","href":"https:\/\/api.w.org\/{rel}","templated":true}]}}