{"id":14592,"date":"2020-09-14T14:08:30","date_gmt":"2020-09-14T17:08:30","guid":{"rendered":"http:\/\/www.esportesbrasilia.com.br\/noticias\/?p=14592"},"modified":"2020-09-14T14:08:33","modified_gmt":"2020-09-14T17:08:33","slug":"cbf-confirma-arbitragem-maranhense-e-baiana-para-estreia-do-gama-na-serie-d","status":"publish","type":"post","link":"https:\/\/www.esportesbrasilia.com.br\/noticias\/futebol\/cbf-confirma-arbitragem-maranhense-e-baiana-para-estreia-do-gama-na-serie-d.html","title":{"rendered":"CBF confirma arbitragem maranhense e baiana para estreia do Gama na s\u00e9rie D"},"content":{"rendered":"\n<p>A CBF confirmou a equipe de arbitragem que vai dirigir a estreia do Gama, atual campe\u00e3o candango, na quarta divis\u00e3o nacional.<\/p>\n\n\n\n<p>A largada do alviverde na s\u00e9rie D 2020 acontece no pr\u00f3ximo s\u00e1bado (19), \u00e0s 20h30, no est\u00e1dio Carneir\u00e3o, em Alagoinhas\/BA, diante do Atl\u00e9tico de Alagoinhas. A partida ter\u00e1 transmiss\u00e3o da <strong>Esportes Bras\u00edlia<\/strong>.<\/p>\n\n\n\n<p>Para este jogo, a arbitragem ser\u00e1 do maranhense Raimundo Jos\u00e9 Chagas Ara\u00fajo. J\u00e1 os auxiliares e o quarto \u00e1rbitro s\u00e3o do estado da Bahia. Os auxiliares ser\u00e3o Luanderson Lima dos Santos e Wesley Silva Santos. O quarto \u00e1rbitro \u00e9 Josu\u00e9 Reis de Jesus Junior.<\/p>\n\n\n\n<h4 class=\"wp-block-heading\">Arbitragem do Distrito Federal escalada<\/h4>\n\n\n\n<p>A arbitragem do Distrito Federal tamb\u00e9m vai atuar nesta primeira rodada da quarta divis\u00e3o nacional. O \u00e1rbitro Luiz Paulo Aniceto ser\u00e1 o respons\u00e1vel por apitar o confronto entre Rio Branco\/AC e Independente\/PA, na Arena da Floresta, em Rio Branco\/AC.<\/p>\n","protected":false},"excerpt":{"rendered":"<p>A CBF confirmou a equipe de arbitragem que vai dirigir a estreia do Gama, atual campe\u00e3o candango, na quarta divis\u00e3o nacional. A largada do alviverde na s\u00e9rie D 2020 acontece no pr\u00f3ximo s\u00e1bado (19), \u00e0s 20h30, no est\u00e1dio Carneir\u00e3o, em Alagoinhas\/BA, diante do Atl\u00e9tico de Alagoinhas. A partida ter\u00e1 transmiss\u00e3o da Esportes Bras\u00edlia. Para este [&hellip;]<\/p>\n","protected":false},"author":2,"featured_media":14304,"comment_status":"closed","ping_status":"closed","sticky":false,"template":"","format":"standard","meta":{"footnotes":""},"categories":[8],"tags":[],"class_list":["post-14592","post","type-post","status-publish","format-standard","has-post-thumbnail","hentry","category-futebol"],"_links":{"self":[{"href":"https:\/\/www.esportesbrasilia.com.br\/noticias\/wp-json\/wp\/v2\/posts\/14592","targetHints":{"allow":["GET"]}}],"collection":[{"href":"https:\/\/www.esportesbrasilia.com.br\/noticias\/wp-json\/wp\/v2\/posts"}],"about":[{"href":"https:\/\/www.esportesbrasilia.com.br\/noticias\/wp-json\/wp\/v2\/types\/post"}],"author":[{"embeddable":true,"href":"https:\/\/www.esportesbrasilia.com.br\/noticias\/wp-json\/wp\/v2\/users\/2"}],"replies":[{"embeddable":true,"href":"https:\/\/www.esportesbrasilia.com.br\/noticias\/wp-json\/wp\/v2\/comments?post=14592"}],"version-history":[{"count":1,"href":"https:\/\/www.esportesbrasilia.com.br\/noticias\/wp-json\/wp\/v2\/posts\/14592\/revisions"}],"predecessor-version":[{"id":14593,"href":"https:\/\/www.esportesbrasilia.com.br\/noticias\/wp-json\/wp\/v2\/posts\/14592\/revisions\/14593"}],"wp:featuredmedia":[{"embeddable":true,"href":"https:\/\/www.esportesbrasilia.com.br\/noticias\/wp-json\/wp\/v2\/media\/14304"}],"wp:attachment":[{"href":"https:\/\/www.esportesbrasilia.com.br\/noticias\/wp-json\/wp\/v2\/media?parent=14592"}],"wp:term":[{"taxonomy":"category","embeddable":true,"href":"https:\/\/www.esportesbrasilia.com.br\/noticias\/wp-json\/wp\/v2\/categories?post=14592"},{"taxonomy":"post_tag","embeddable":true,"href":"https:\/\/www.esportesbrasilia.com.br\/noticias\/wp-json\/wp\/v2\/tags?post=14592"}],"curies":[{"name":"wp","href":"https:\/\/api.w.org\/{rel}","templated":true}]}}