{"id":14473,"date":"2020-09-03T09:35:23","date_gmt":"2020-09-03T12:35:23","guid":{"rendered":"http:\/\/www.esportesbrasilia.com.br\/noticias\/?p=14473"},"modified":"2020-09-03T09:35:26","modified_gmt":"2020-09-03T12:35:26","slug":"cbf-confirma-data-de-estreia-do-gama-na-serie-d-2020","status":"publish","type":"post","link":"https:\/\/www.esportesbrasilia.com.br\/noticias\/futebol\/cbf-confirma-data-de-estreia-do-gama-na-serie-d-2020.html","title":{"rendered":"CBF confirma data de estreia do Gama na S\u00e9rie D 2020"},"content":{"rendered":"\n<p>A Confedera\u00e7\u00e3o Brasileira de Futebol divulgou, nesta quarta-feira (02), a tabela oficial da S\u00e9rie D 2020. A competi\u00e7\u00e3o ter\u00e1 dois representantes do Distrito Federal: o Brasiliense, que j\u00e1 estreia na fase classificat\u00f3ria neste domingo (06) &#8211; diante do Tocantin\u00f3polis\/TO, e o Gama, que participa da fase de grupos do torneio.<\/p>\n\n\n\n<p>O alviverde candango est\u00e1 alocado na chave 06, com times de Bahia, Minas Gerais e Tocantins. A estreia do Gama ser\u00e1 diante do Atl\u00e9tico Alagoinhas\/BA, no dia 19 de setembro, \u00e0s 20h30, no est\u00e1dio Carneir\u00e3o, em Alagoinhas.<\/p>\n\n\n\n<p>A primeira partida em territ\u00f3rio candango ser\u00e1 no dia 26 de setembro, \u00e0s 17h, no est\u00e1dio Bezerr\u00e3o, no Gama. E esse jogo ser\u00e1 justamente contra quem passar da fase classificat\u00f3ria: Brasiliense ou Tocantin\u00f3polis.<\/p>\n\n\n\n<p><strong><a href=\"https:\/\/www.esportesbrasilia.com.br\/noticias\/brasileiraoseried2020\">Clique aqui e confira a tabela da S\u00e9rie D 2020.<\/a><\/strong><\/p>\n\n\n\n<p>Na fase de grupos, ser\u00e3o oito chaves com oito times, cada, jogando em turno e returno. Quatro times de cada grupo garantem vaga para a segunda fase da competi\u00e7\u00e3o, que passa a ser disputada em sistema de mata-mata.<\/p>\n","protected":false},"excerpt":{"rendered":"<p>A Confedera\u00e7\u00e3o Brasileira de Futebol divulgou, nesta quarta-feira (02), a tabela oficial da S\u00e9rie D 2020. A competi\u00e7\u00e3o ter\u00e1 dois representantes do Distrito Federal: o Brasiliense, que j\u00e1 estreia na fase classificat\u00f3ria neste domingo (06) &#8211; diante do Tocantin\u00f3polis\/TO, e o Gama, que participa da fase de grupos do torneio. O alviverde candango est\u00e1 alocado [&hellip;]<\/p>\n","protected":false},"author":2,"featured_media":14304,"comment_status":"closed","ping_status":"closed","sticky":false,"template":"","format":"standard","meta":{"footnotes":""},"categories":[8],"tags":[],"class_list":["post-14473","post","type-post","status-publish","format-standard","has-post-thumbnail","hentry","category-futebol"],"_links":{"self":[{"href":"https:\/\/www.esportesbrasilia.com.br\/noticias\/wp-json\/wp\/v2\/posts\/14473","targetHints":{"allow":["GET"]}}],"collection":[{"href":"https:\/\/www.esportesbrasilia.com.br\/noticias\/wp-json\/wp\/v2\/posts"}],"about":[{"href":"https:\/\/www.esportesbrasilia.com.br\/noticias\/wp-json\/wp\/v2\/types\/post"}],"author":[{"embeddable":true,"href":"https:\/\/www.esportesbrasilia.com.br\/noticias\/wp-json\/wp\/v2\/users\/2"}],"replies":[{"embeddable":true,"href":"https:\/\/www.esportesbrasilia.com.br\/noticias\/wp-json\/wp\/v2\/comments?post=14473"}],"version-history":[{"count":1,"href":"https:\/\/www.esportesbrasilia.com.br\/noticias\/wp-json\/wp\/v2\/posts\/14473\/revisions"}],"predecessor-version":[{"id":14474,"href":"https:\/\/www.esportesbrasilia.com.br\/noticias\/wp-json\/wp\/v2\/posts\/14473\/revisions\/14474"}],"wp:featuredmedia":[{"embeddable":true,"href":"https:\/\/www.esportesbrasilia.com.br\/noticias\/wp-json\/wp\/v2\/media\/14304"}],"wp:attachment":[{"href":"https:\/\/www.esportesbrasilia.com.br\/noticias\/wp-json\/wp\/v2\/media?parent=14473"}],"wp:term":[{"taxonomy":"category","embeddable":true,"href":"https:\/\/www.esportesbrasilia.com.br\/noticias\/wp-json\/wp\/v2\/categories?post=14473"},{"taxonomy":"post_tag","embeddable":true,"href":"https:\/\/www.esportesbrasilia.com.br\/noticias\/wp-json\/wp\/v2\/tags?post=14473"}],"curies":[{"name":"wp","href":"https:\/\/api.w.org\/{rel}","templated":true}]}}