{"id":14429,"date":"2020-08-30T18:56:34","date_gmt":"2020-08-30T21:56:34","guid":{"rendered":"http:\/\/www.esportesbrasilia.com.br\/noticias\/?p=14429"},"modified":"2020-08-30T18:56:36","modified_gmt":"2020-08-30T21:56:36","slug":"ct-do-brasiliense-e-depredado-apos-derrota-para-o-gama","status":"publish","type":"post","link":"https:\/\/www.esportesbrasilia.com.br\/noticias\/futebol\/ct-do-brasiliense-e-depredado-apos-derrota-para-o-gama.html","title":{"rendered":"CT do Brasiliense \u00e9 depredado ap\u00f3s derrota para o Gama"},"content":{"rendered":"\n<p>O Centro de Treinamento do Brasiliense, localizado no Setor de Clubes Sul, foi depredado ap\u00f3s a derrota do jacar\u00e9 para o Gama neste s\u00e1bado (29), por 2&#215;0 no tempo normal, e 4&#215;3 nos p\u00eanaltis, na decis\u00e3o do Candang\u00e3o 2020.<\/p>\n\n\n\n<p>Os respons\u00e1veis pelo vandalismo ainda n\u00e3o foram localizados. A reportagem da <strong>Esportes Bras\u00edlia<\/strong> apurou que v\u00e1rios vidros da academia, onde os jogadores realizam atividades f\u00edsicas, foram quebrados e danificados.<\/p>\n\n\n\n<div class=\"wp-block-image\"><figure class=\"aligncenter size-large\"><img loading=\"lazy\" decoding=\"async\" width=\"1024\" height=\"768\" src=\"https:\/\/www.esportesbrasilia.com.br\/noticias\/wp-content\/uploads\/ctdobrasiliensedepredado_fg_2-1024x768.jpg\" alt=\"\" class=\"wp-image-14430\" srcset=\"https:\/\/www.esportesbrasilia.com.br\/noticias\/wp-content\/uploads\/ctdobrasiliensedepredado_fg_2-1024x768.jpg 1024w, https:\/\/www.esportesbrasilia.com.br\/noticias\/wp-content\/uploads\/ctdobrasiliensedepredado_fg_2-300x225.jpg 300w, https:\/\/www.esportesbrasilia.com.br\/noticias\/wp-content\/uploads\/ctdobrasiliensedepredado_fg_2-768x576.jpg 768w, https:\/\/www.esportesbrasilia.com.br\/noticias\/wp-content\/uploads\/ctdobrasiliensedepredado_fg_2.jpg 1280w\" sizes=\"auto, (max-width: 1024px) 100vw, 1024px\" \/><figcaption><em>CT do Brasiliense amanheceu depredado por v\u00e2ndalos neste domingo &#8211; Foto: Fernando Godoy\/Ag\u00eancia EB<\/em><\/figcaption><\/figure><\/div>\n\n\n\n<p>A assessoria do Brasiliense foi procurada para que se manifestasse sobre o vandalismo deste fim de semana, mas at\u00e9 o fechamento desta mat\u00e9ria, n\u00e3o respondeu aos contatos da reportagem.<\/p>\n\n\n\n<p>A data de apresenta\u00e7\u00e3o do time, visando a estreia na pr\u00e9-S\u00e9rie D, ainda n\u00e3o foi divulgada. O Brasiliense inicia a disputa na quarta divis\u00e3o nacional no dia 06 de setembro, diante do Tocantin\u00f3polis\/TO, em territ\u00f3rio tocantinense.<\/p>\n","protected":false},"excerpt":{"rendered":"<p>O Centro de Treinamento do Brasiliense, localizado no Setor de Clubes Sul, foi depredado ap\u00f3s a derrota do jacar\u00e9 para o Gama neste s\u00e1bado (29), por 2&#215;0 no tempo normal, e 4&#215;3 nos p\u00eanaltis, na decis\u00e3o do Candang\u00e3o 2020. Os respons\u00e1veis pelo vandalismo ainda n\u00e3o foram localizados. A reportagem da Esportes Bras\u00edlia apurou que v\u00e1rios [&hellip;]<\/p>\n","protected":false},"author":2,"featured_media":14431,"comment_status":"closed","ping_status":"closed","sticky":false,"template":"","format":"standard","meta":{"footnotes":""},"categories":[8],"tags":[],"class_list":["post-14429","post","type-post","status-publish","format-standard","has-post-thumbnail","hentry","category-futebol"],"_links":{"self":[{"href":"https:\/\/www.esportesbrasilia.com.br\/noticias\/wp-json\/wp\/v2\/posts\/14429","targetHints":{"allow":["GET"]}}],"collection":[{"href":"https:\/\/www.esportesbrasilia.com.br\/noticias\/wp-json\/wp\/v2\/posts"}],"about":[{"href":"https:\/\/www.esportesbrasilia.com.br\/noticias\/wp-json\/wp\/v2\/types\/post"}],"author":[{"embeddable":true,"href":"https:\/\/www.esportesbrasilia.com.br\/noticias\/wp-json\/wp\/v2\/users\/2"}],"replies":[{"embeddable":true,"href":"https:\/\/www.esportesbrasilia.com.br\/noticias\/wp-json\/wp\/v2\/comments?post=14429"}],"version-history":[{"count":1,"href":"https:\/\/www.esportesbrasilia.com.br\/noticias\/wp-json\/wp\/v2\/posts\/14429\/revisions"}],"predecessor-version":[{"id":14432,"href":"https:\/\/www.esportesbrasilia.com.br\/noticias\/wp-json\/wp\/v2\/posts\/14429\/revisions\/14432"}],"wp:featuredmedia":[{"embeddable":true,"href":"https:\/\/www.esportesbrasilia.com.br\/noticias\/wp-json\/wp\/v2\/media\/14431"}],"wp:attachment":[{"href":"https:\/\/www.esportesbrasilia.com.br\/noticias\/wp-json\/wp\/v2\/media?parent=14429"}],"wp:term":[{"taxonomy":"category","embeddable":true,"href":"https:\/\/www.esportesbrasilia.com.br\/noticias\/wp-json\/wp\/v2\/categories?post=14429"},{"taxonomy":"post_tag","embeddable":true,"href":"https:\/\/www.esportesbrasilia.com.br\/noticias\/wp-json\/wp\/v2\/tags?post=14429"}],"curies":[{"name":"wp","href":"https:\/\/api.w.org\/{rel}","templated":true}]}}