{"id":14401,"date":"2020-08-28T00:39:26","date_gmt":"2020-08-28T03:39:26","guid":{"rendered":"http:\/\/www.esportesbrasilia.com.br\/noticias\/?p=14401"},"modified":"2020-08-28T00:46:44","modified_gmt":"2020-08-28T03:46:44","slug":"gama-perde-dois-nomes-as-vesperas-da-decisao-do-candangao","status":"publish","type":"post","link":"https:\/\/www.esportesbrasilia.com.br\/noticias\/futebol\/gama-perde-dois-nomes-as-vesperas-da-decisao-do-candangao.html","title":{"rendered":"Gama perde dois nomes \u00e0s v\u00e9speras da decis\u00e3o do Candang\u00e3o"},"content":{"rendered":"\n<p>Ap\u00f3s 33 jogos de invencibilidade, o Gama precisa reverter o placar de 3&#215;1 sofrido diante do Brasiliense na \u00faltima quarta-feira (26). O alviverde recebe o jacar\u00e9 neste s\u00e1bado (29), \u00e0s 16h, no est\u00e1dio Bezerr\u00e3o, em busca do 13\u00ba t\u00edtulo candango. A <strong>Esportes Bras\u00edlia<\/strong> transmite o jogo a partir das 15h.<\/p>\n\n\n\n<p>E para esta grande decis\u00e3o, o t\u00e9cnico Vilson Tadei n\u00e3o poder\u00e1 mais contar com dois importantes nomes que faziam parte do elenco do Gama. Isso mesmo que voc\u00ea leu: faziam. O atacante Jefferson Maranh\u00e3o e o lateral R\u00e9gis n\u00e3o vestem mais a camisa do alviverde.<\/p>\n\n\n\n<p>O primeiro conseguiu, na Justi\u00e7a, o direito de rescis\u00e3o de contrato ap\u00f3s oito meses de sal\u00e1rios atrasados e atrasos tamb\u00e9m no dep\u00f3sito do Fundo de Garantia, o FGTS. Jefferson Maranh\u00e3o deixou o elenco por decis\u00e3o liminar do Tribunal Regional do Trabalho da 10\u00aa Regi\u00e3o e a rescis\u00e3o contratual do atleta j\u00e1 foi publicada no Boletim Informativo Di\u00e1rio da CBF nesta quinta-feira (27).<\/p>\n\n\n\n<p>J\u00e1 o segundo foi dispensado pela diretoria do Gama ap\u00f3s n\u00e3o comparecer aos treinos no CT Ninho do Periquito e perder a confian\u00e7a do t\u00e9cnico Vilson Tadei. De acordo com o presidente do alviverde, Weber Magalh\u00e3es, em entrevista ao <em>Correio Braziliense<\/em>, o contrato de R\u00e9gis j\u00e1 foi rescindido. At\u00e9 o fechamento desta mat\u00e9ria, a rescis\u00e3o n\u00e3o havia sido publicada no BID-e.<\/p>\n\n\n\n<p>R\u00e9gis entrou em campo pelo Gama em duas oportunidades: diante do Real Bras\u00edlia, na vit\u00f3ria por 2&#215;0, e contra o Sobradinho, na goleada por 5&#215;0. Vale lembrar que o lateral j\u00e1 vestiu a camisa de grandes times do futebol brasileiro, como S\u00e3o Paulo e CSA, e teve os contratos rescindidos por problemas pessoais e indisciplina.<\/p>\n","protected":false},"excerpt":{"rendered":"<p>Ap\u00f3s 33 jogos de invencibilidade, o Gama precisa reverter o placar de 3&#215;1 sofrido diante do Brasiliense na \u00faltima quarta-feira (26). O alviverde recebe o jacar\u00e9 neste s\u00e1bado (29), \u00e0s 16h, no est\u00e1dio Bezerr\u00e3o, em busca do 13\u00ba t\u00edtulo candango. A Esportes Bras\u00edlia transmite o jogo a partir das 15h. E para esta grande decis\u00e3o, [&hellip;]<\/p>\n","protected":false},"author":2,"featured_media":8427,"comment_status":"closed","ping_status":"closed","sticky":false,"template":"","format":"standard","meta":{"footnotes":""},"categories":[8],"tags":[],"class_list":["post-14401","post","type-post","status-publish","format-standard","has-post-thumbnail","hentry","category-futebol"],"_links":{"self":[{"href":"https:\/\/www.esportesbrasilia.com.br\/noticias\/wp-json\/wp\/v2\/posts\/14401","targetHints":{"allow":["GET"]}}],"collection":[{"href":"https:\/\/www.esportesbrasilia.com.br\/noticias\/wp-json\/wp\/v2\/posts"}],"about":[{"href":"https:\/\/www.esportesbrasilia.com.br\/noticias\/wp-json\/wp\/v2\/types\/post"}],"author":[{"embeddable":true,"href":"https:\/\/www.esportesbrasilia.com.br\/noticias\/wp-json\/wp\/v2\/users\/2"}],"replies":[{"embeddable":true,"href":"https:\/\/www.esportesbrasilia.com.br\/noticias\/wp-json\/wp\/v2\/comments?post=14401"}],"version-history":[{"count":2,"href":"https:\/\/www.esportesbrasilia.com.br\/noticias\/wp-json\/wp\/v2\/posts\/14401\/revisions"}],"predecessor-version":[{"id":14404,"href":"https:\/\/www.esportesbrasilia.com.br\/noticias\/wp-json\/wp\/v2\/posts\/14401\/revisions\/14404"}],"wp:featuredmedia":[{"embeddable":true,"href":"https:\/\/www.esportesbrasilia.com.br\/noticias\/wp-json\/wp\/v2\/media\/8427"}],"wp:attachment":[{"href":"https:\/\/www.esportesbrasilia.com.br\/noticias\/wp-json\/wp\/v2\/media?parent=14401"}],"wp:term":[{"taxonomy":"category","embeddable":true,"href":"https:\/\/www.esportesbrasilia.com.br\/noticias\/wp-json\/wp\/v2\/categories?post=14401"},{"taxonomy":"post_tag","embeddable":true,"href":"https:\/\/www.esportesbrasilia.com.br\/noticias\/wp-json\/wp\/v2\/tags?post=14401"}],"curies":[{"name":"wp","href":"https:\/\/api.w.org\/{rel}","templated":true}]}}