{"id":14303,"date":"2020-08-24T20:54:35","date_gmt":"2020-08-24T23:54:35","guid":{"rendered":"http:\/\/www.esportesbrasilia.com.br\/noticias\/?p=14303"},"modified":"2020-08-24T20:54:38","modified_gmt":"2020-08-24T23:54:38","slug":"cbf-confirma-datas-da-pre-serie-d-2020-brasiliense-estreia-fora","status":"publish","type":"post","link":"https:\/\/www.esportesbrasilia.com.br\/noticias\/futebol\/cbf-confirma-datas-da-pre-serie-d-2020-brasiliense-estreia-fora.html","title":{"rendered":"CBF confirma datas da pr\u00e9-S\u00e9rie D 2020. Brasiliense estreia fora"},"content":{"rendered":"\n<p>Os torcedores do Brasiliense j\u00e1 podem anotar na agenda as datas de participa\u00e7\u00e3o do jacar\u00e9 na pr\u00e9-S\u00e9rie D 2020. Por ter sido vice-campe\u00e3o em 2019, o time ter\u00e1 que passar por uma pr\u00e9via antes de garantir a efetiva entrada na quarta divis\u00e3o nacional.<\/p>\n\n\n\n<p>Ser\u00e3o dois jogos contra o Tocantin\u00f3polis\/TO. O primeiro acontece no dia 06 de setembro, \u00e0s 16h, no est\u00e1dio Jo\u00e3o Ribeiro, no norte tocantinense. J\u00e1 a segunda partida ser\u00e1 realizada no dia 13 de setembro, \u00e0s 15h, no est\u00e1dio Serej\u00e3o, em Taguatinga.<\/p>\n\n\n\n<p>Caso o confronto termine empatado nos 180 minutos, a decis\u00e3o da vaga para a fase principal da S\u00e9rie D ser\u00e1 nas cobran\u00e7as de penalidade m\u00e1xima. N\u00e3o existe o gol qualificado. Quem seguir na competi\u00e7\u00e3o, entrar\u00e1 na chave A6, ao lado de representantes da Bahia, Tocantins, Minas Gerais e do Gama, atual campe\u00e3o.<\/p>\n","protected":false},"excerpt":{"rendered":"<p>Os torcedores do Brasiliense j\u00e1 podem anotar na agenda as datas de participa\u00e7\u00e3o do jacar\u00e9 na pr\u00e9-S\u00e9rie D 2020. Por ter sido vice-campe\u00e3o em 2019, o time ter\u00e1 que passar por uma pr\u00e9via antes de garantir a efetiva entrada na quarta divis\u00e3o nacional. Ser\u00e3o dois jogos contra o Tocantin\u00f3polis\/TO. O primeiro acontece no dia 06 [&hellip;]<\/p>\n","protected":false},"author":2,"featured_media":14304,"comment_status":"closed","ping_status":"closed","sticky":false,"template":"","format":"standard","meta":{"footnotes":""},"categories":[8],"tags":[],"class_list":["post-14303","post","type-post","status-publish","format-standard","has-post-thumbnail","hentry","category-futebol"],"_links":{"self":[{"href":"https:\/\/www.esportesbrasilia.com.br\/noticias\/wp-json\/wp\/v2\/posts\/14303","targetHints":{"allow":["GET"]}}],"collection":[{"href":"https:\/\/www.esportesbrasilia.com.br\/noticias\/wp-json\/wp\/v2\/posts"}],"about":[{"href":"https:\/\/www.esportesbrasilia.com.br\/noticias\/wp-json\/wp\/v2\/types\/post"}],"author":[{"embeddable":true,"href":"https:\/\/www.esportesbrasilia.com.br\/noticias\/wp-json\/wp\/v2\/users\/2"}],"replies":[{"embeddable":true,"href":"https:\/\/www.esportesbrasilia.com.br\/noticias\/wp-json\/wp\/v2\/comments?post=14303"}],"version-history":[{"count":1,"href":"https:\/\/www.esportesbrasilia.com.br\/noticias\/wp-json\/wp\/v2\/posts\/14303\/revisions"}],"predecessor-version":[{"id":14305,"href":"https:\/\/www.esportesbrasilia.com.br\/noticias\/wp-json\/wp\/v2\/posts\/14303\/revisions\/14305"}],"wp:featuredmedia":[{"embeddable":true,"href":"https:\/\/www.esportesbrasilia.com.br\/noticias\/wp-json\/wp\/v2\/media\/14304"}],"wp:attachment":[{"href":"https:\/\/www.esportesbrasilia.com.br\/noticias\/wp-json\/wp\/v2\/media?parent=14303"}],"wp:term":[{"taxonomy":"category","embeddable":true,"href":"https:\/\/www.esportesbrasilia.com.br\/noticias\/wp-json\/wp\/v2\/categories?post=14303"},{"taxonomy":"post_tag","embeddable":true,"href":"https:\/\/www.esportesbrasilia.com.br\/noticias\/wp-json\/wp\/v2\/tags?post=14303"}],"curies":[{"name":"wp","href":"https:\/\/api.w.org\/{rel}","templated":true}]}}