{"id":14300,"date":"2020-08-24T20:34:38","date_gmt":"2020-08-24T23:34:38","guid":{"rendered":"http:\/\/www.esportesbrasilia.com.br\/noticias\/?p=14300"},"modified":"2020-08-24T20:34:42","modified_gmt":"2020-08-24T23:34:42","slug":"ffdf-homenageara-jornalista-no-trofeu-de-campeao-candango","status":"publish","type":"post","link":"https:\/\/www.esportesbrasilia.com.br\/noticias\/futebol\/ffdf-homenageara-jornalista-no-trofeu-de-campeao-candango.html","title":{"rendered":"FFDF homenagear\u00e1 jornalista no trof\u00e9u de campe\u00e3o candango"},"content":{"rendered":"\n<p>A Federa\u00e7\u00e3o de Futebol do Distrito Federal divulgou, nesta segunda-feira (24), a imagem do trof\u00e9u que ser\u00e1 entregue a Gama ou a Brasiliense no pr\u00f3ximo s\u00e1bado (29), quando da segunda partida da decis\u00e3o do Candang\u00e3o 2020.<\/p>\n\n\n\n<p>O trof\u00e9u ter\u00e1 uma homenagem ao eterno &#8220;narrador do pov\u00e3o&#8221;, o jornalista Marcelo Ramos, que faleceu na \u00faltima semana, v\u00edtima da Covid-19. O time campe\u00e3o receber\u00e1 o Trof\u00e9u Marcelo Ramos.<\/p>\n\n\n\n<p>&#8220;Uma homenagem a um dos jornalistas que mais batalhou pelo futebol da nossa capital federal e Entorno&#8221;, disse a federa\u00e7\u00e3o, por meio das redes sociais.<\/p>\n\n\n\n<p>Brasiliense e Gama se enfrentar\u00e3o em duas partidas. A primeira est\u00e1 marcada para esta quarta-feira (26), \u00e0s 11h, no est\u00e1dio Nacional Man\u00e9 Garrincha. A segunda acontece no s\u00e1bado (29), \u00e0s 16h, no est\u00e1dio Bezerr\u00e3o.<\/p>\n","protected":false},"excerpt":{"rendered":"<p>A Federa\u00e7\u00e3o de Futebol do Distrito Federal divulgou, nesta segunda-feira (24), a imagem do trof\u00e9u que ser\u00e1 entregue a Gama ou a Brasiliense no pr\u00f3ximo s\u00e1bado (29), quando da segunda partida da decis\u00e3o do Candang\u00e3o 2020. O trof\u00e9u ter\u00e1 uma homenagem ao eterno &#8220;narrador do pov\u00e3o&#8221;, o jornalista Marcelo Ramos, que faleceu na \u00faltima semana, [&hellip;]<\/p>\n","protected":false},"author":2,"featured_media":14301,"comment_status":"closed","ping_status":"closed","sticky":false,"template":"","format":"standard","meta":{"footnotes":""},"categories":[8],"tags":[],"class_list":["post-14300","post","type-post","status-publish","format-standard","has-post-thumbnail","hentry","category-futebol"],"_links":{"self":[{"href":"https:\/\/www.esportesbrasilia.com.br\/noticias\/wp-json\/wp\/v2\/posts\/14300","targetHints":{"allow":["GET"]}}],"collection":[{"href":"https:\/\/www.esportesbrasilia.com.br\/noticias\/wp-json\/wp\/v2\/posts"}],"about":[{"href":"https:\/\/www.esportesbrasilia.com.br\/noticias\/wp-json\/wp\/v2\/types\/post"}],"author":[{"embeddable":true,"href":"https:\/\/www.esportesbrasilia.com.br\/noticias\/wp-json\/wp\/v2\/users\/2"}],"replies":[{"embeddable":true,"href":"https:\/\/www.esportesbrasilia.com.br\/noticias\/wp-json\/wp\/v2\/comments?post=14300"}],"version-history":[{"count":1,"href":"https:\/\/www.esportesbrasilia.com.br\/noticias\/wp-json\/wp\/v2\/posts\/14300\/revisions"}],"predecessor-version":[{"id":14302,"href":"https:\/\/www.esportesbrasilia.com.br\/noticias\/wp-json\/wp\/v2\/posts\/14300\/revisions\/14302"}],"wp:featuredmedia":[{"embeddable":true,"href":"https:\/\/www.esportesbrasilia.com.br\/noticias\/wp-json\/wp\/v2\/media\/14301"}],"wp:attachment":[{"href":"https:\/\/www.esportesbrasilia.com.br\/noticias\/wp-json\/wp\/v2\/media?parent=14300"}],"wp:term":[{"taxonomy":"category","embeddable":true,"href":"https:\/\/www.esportesbrasilia.com.br\/noticias\/wp-json\/wp\/v2\/categories?post=14300"},{"taxonomy":"post_tag","embeddable":true,"href":"https:\/\/www.esportesbrasilia.com.br\/noticias\/wp-json\/wp\/v2\/tags?post=14300"}],"curies":[{"name":"wp","href":"https:\/\/api.w.org\/{rel}","templated":true}]}}