{"id":14133,"date":"2020-08-05T20:29:09","date_gmt":"2020-08-05T23:29:09","guid":{"rendered":"http:\/\/www.esportesbrasilia.com.br\/noticias\/?p=14133"},"modified":"2020-08-05T20:30:53","modified_gmt":"2020-08-05T23:30:53","slug":"rafa-moreira-deixa-elenco-do-universo-brasilia","status":"publish","type":"post","link":"https:\/\/www.esportesbrasilia.com.br\/noticias\/basquete\/rafa-moreira-deixa-elenco-do-universo-brasilia.html","title":{"rendered":"Rafa Moreira deixa elenco do Universo\/Bras\u00edlia"},"content":{"rendered":"\n<p>O Universo\/Bras\u00edlia teve a primeira baixa visando a pr\u00f3xima temporada do Novo Basquete Brasil. O ala Rafa Moreira n\u00e3o atuar\u00e1 mais com a camisa do time candango.<\/p>\n\n\n\n<p>A informa\u00e7\u00e3o, dada pelo jornalista Lucas Magalh\u00e3es, do <em>Metr\u00f3poles<\/em>, pegou a torcida brasiliense de surpresa. Rafa, de 28 anos, ser\u00e1 anunciado &#8211; em breve &#8211; como novo refor\u00e7o do Minas T\u00eanis Clube.<\/p>\n\n\n\n<p>Na \u00faltima temporada que vestiu a camisa do Universo\/Bras\u00edlia, Rafa Moreira teve uma m\u00e9dia de 11,7 pontos, 3,6 rebotes e uma assist\u00eancia por partida. Rafa Moreira vestiu a camisa do Universo\/Bras\u00edlia nas \u00faltimas duas temporadas do Novo Basquete Brasil.<\/p>\n\n\n\n<p>A diretoria do Universo\/Bras\u00edlia ainda n\u00e3o confirmou a presen\u00e7a na edi\u00e7\u00e3o 2020\/2021 do NBB. Os clubes t\u00eam at\u00e9 o dia 14 de agosto para confirmar a inten\u00e7\u00e3o de participar da competi\u00e7\u00e3o. Os times que v\u00e3o disputar o principal campeonato do basquete brasileiro ser\u00e3o conhecidos a partir de setembro.<\/p>\n","protected":false},"excerpt":{"rendered":"<p>O Universo\/Bras\u00edlia teve a primeira baixa visando a pr\u00f3xima temporada do Novo Basquete Brasil. O ala Rafa Moreira n\u00e3o atuar\u00e1 mais com a camisa do time candango. A informa\u00e7\u00e3o, dada pelo jornalista Lucas Magalh\u00e3es, do Metr\u00f3poles, pegou a torcida brasiliense de surpresa. Rafa, de 28 anos, ser\u00e1 anunciado &#8211; em breve &#8211; como novo refor\u00e7o [&hellip;]<\/p>\n","protected":false},"author":2,"featured_media":14132,"comment_status":"closed","ping_status":"closed","sticky":false,"template":"","format":"standard","meta":{"footnotes":""},"categories":[12],"tags":[],"class_list":["post-14133","post","type-post","status-publish","format-standard","has-post-thumbnail","hentry","category-basquete"],"_links":{"self":[{"href":"https:\/\/www.esportesbrasilia.com.br\/noticias\/wp-json\/wp\/v2\/posts\/14133","targetHints":{"allow":["GET"]}}],"collection":[{"href":"https:\/\/www.esportesbrasilia.com.br\/noticias\/wp-json\/wp\/v2\/posts"}],"about":[{"href":"https:\/\/www.esportesbrasilia.com.br\/noticias\/wp-json\/wp\/v2\/types\/post"}],"author":[{"embeddable":true,"href":"https:\/\/www.esportesbrasilia.com.br\/noticias\/wp-json\/wp\/v2\/users\/2"}],"replies":[{"embeddable":true,"href":"https:\/\/www.esportesbrasilia.com.br\/noticias\/wp-json\/wp\/v2\/comments?post=14133"}],"version-history":[{"count":3,"href":"https:\/\/www.esportesbrasilia.com.br\/noticias\/wp-json\/wp\/v2\/posts\/14133\/revisions"}],"predecessor-version":[{"id":14137,"href":"https:\/\/www.esportesbrasilia.com.br\/noticias\/wp-json\/wp\/v2\/posts\/14133\/revisions\/14137"}],"wp:featuredmedia":[{"embeddable":true,"href":"https:\/\/www.esportesbrasilia.com.br\/noticias\/wp-json\/wp\/v2\/media\/14132"}],"wp:attachment":[{"href":"https:\/\/www.esportesbrasilia.com.br\/noticias\/wp-json\/wp\/v2\/media?parent=14133"}],"wp:term":[{"taxonomy":"category","embeddable":true,"href":"https:\/\/www.esportesbrasilia.com.br\/noticias\/wp-json\/wp\/v2\/categories?post=14133"},{"taxonomy":"post_tag","embeddable":true,"href":"https:\/\/www.esportesbrasilia.com.br\/noticias\/wp-json\/wp\/v2\/tags?post=14133"}],"curies":[{"name":"wp","href":"https:\/\/api.w.org\/{rel}","templated":true}]}}