{"id":14066,"date":"2020-07-28T18:46:30","date_gmt":"2020-07-28T21:46:30","guid":{"rendered":"http:\/\/www.esportesbrasilia.com.br\/noticias\/?p=14066"},"modified":"2020-07-28T18:46:32","modified_gmt":"2020-07-28T21:46:32","slug":"gama-acerta-com-lateral-que-disputou-serie-a-pelo-sao-paulo","status":"publish","type":"post","link":"https:\/\/www.esportesbrasilia.com.br\/noticias\/futebol\/gama-acerta-com-lateral-que-disputou-serie-a-pelo-sao-paulo.html","title":{"rendered":"Gama acerta com lateral que disputou s\u00e9rie A pelo S\u00e3o Paulo"},"content":{"rendered":"\n<p>Na sua primeira movimenta\u00e7\u00e3o no mercado de transfer\u00eancias durante a paralisa\u00e7\u00e3o do futebol, o Gama apresentou o lateral-direito R\u00e9gis, ex-S\u00e3o Paulo. O novo jogador do Periquito integrar\u00e1 o elenco para ser op\u00e7\u00e3o no meio-campo alviverde. Com 31 anos, ele come\u00e7ou a atual temporada no Juventus Jaragu\u00e1-SC. Ano passado, disputou as s\u00e9ries A e B, por CSA e S\u00e3o Bento.<\/p>\n\n\n\n<p>Ap\u00f3s ser revelado pelo Legi\u00e3o, em 2006, o brasiliense passou por diversos clubes, jogando em praticamente todas as regi\u00f5es do pa\u00eds, com exce\u00e7\u00e3o do Norte brasileiro. Os momentos marcantes na carreira do jogador aconteceram em 2014, quando jogou a s\u00e9rie A pelo Botafogo, e em 2018, quando foi contratado pelo S\u00e3o Paulo. <\/p>\n\n\n\n<p>Enquanto jogava no tricolor paulista, o lateral teve problemas com drogas, o que ocasionou em um afastamento da equipe. Pouco tempo depois, R\u00e9gis voltou a jogar pelo time paulista, mas teve seu contrato rescindido ainda naquele ano pelo mesmo motivo.<\/p>\n\n\n\n<p>Ap\u00f3s ter treinado com a equipe, R\u00e9gis falou sobre as expectativas do Gama no Candang\u00e3o e S\u00e9rie D. \u201cO Gama \u00e9 uma equipe de muita tradi\u00e7\u00e3o no cen\u00e1rio de Bras\u00edlia. Estamos na lideran\u00e7a do Candang\u00e3o e brigaremos pelo t\u00edtulo. Al\u00e9m disso, queremos muito o acesso para a S\u00e9rie C. Espero contribuir dentro e fora do campo com qualidade e experi\u00eancia.\u201d, afirmou o lateral de of\u00edcio.<\/p>\n\n\n\n<p>Outro jogador que desembarca na capital para jogar no Periquito \u00e9 o atacante \u00c9verton. Aos 25 anos e revelado pelo Palmeiras, o jogador teve uma passagem pelo futebol europeu, mais especificamente pelo Krymteplytsia Molodizhne, da Ucr\u00e2nia. Depois de um ano no pa\u00eds do leste europeu, ele voltou ao Brasil e jogou por Madureira e Noroeste.<\/p>\n\n\n\n<p>Com os dois j\u00e1 integrados ao elenco, o Gama se prepara para enfrentar o Real Bras\u00edlia, em jogo atrasado da d\u00e9cima rodada do Candang\u00e3o. Al\u00e9m do estadual, o Gama est\u00e1 no grupo 6 da S\u00e9rie D.<\/p>\n","protected":false},"excerpt":{"rendered":"<p>Na sua primeira movimenta\u00e7\u00e3o no mercado de transfer\u00eancias durante a paralisa\u00e7\u00e3o do futebol, o Gama apresentou o lateral-direito R\u00e9gis, ex-S\u00e3o Paulo. O novo jogador do Periquito integrar\u00e1 o elenco para ser op\u00e7\u00e3o no meio-campo alviverde. Com 31 anos, ele come\u00e7ou a atual temporada no Juventus Jaragu\u00e1-SC. Ano passado, disputou as s\u00e9ries A e B, por [&hellip;]<\/p>\n","protected":false},"author":37,"featured_media":14067,"comment_status":"closed","ping_status":"closed","sticky":false,"template":"","format":"standard","meta":{"footnotes":""},"categories":[8],"tags":[],"class_list":["post-14066","post","type-post","status-publish","format-standard","has-post-thumbnail","hentry","category-futebol"],"_links":{"self":[{"href":"https:\/\/www.esportesbrasilia.com.br\/noticias\/wp-json\/wp\/v2\/posts\/14066","targetHints":{"allow":["GET"]}}],"collection":[{"href":"https:\/\/www.esportesbrasilia.com.br\/noticias\/wp-json\/wp\/v2\/posts"}],"about":[{"href":"https:\/\/www.esportesbrasilia.com.br\/noticias\/wp-json\/wp\/v2\/types\/post"}],"author":[{"embeddable":true,"href":"https:\/\/www.esportesbrasilia.com.br\/noticias\/wp-json\/wp\/v2\/users\/37"}],"replies":[{"embeddable":true,"href":"https:\/\/www.esportesbrasilia.com.br\/noticias\/wp-json\/wp\/v2\/comments?post=14066"}],"version-history":[{"count":1,"href":"https:\/\/www.esportesbrasilia.com.br\/noticias\/wp-json\/wp\/v2\/posts\/14066\/revisions"}],"predecessor-version":[{"id":14068,"href":"https:\/\/www.esportesbrasilia.com.br\/noticias\/wp-json\/wp\/v2\/posts\/14066\/revisions\/14068"}],"wp:featuredmedia":[{"embeddable":true,"href":"https:\/\/www.esportesbrasilia.com.br\/noticias\/wp-json\/wp\/v2\/media\/14067"}],"wp:attachment":[{"href":"https:\/\/www.esportesbrasilia.com.br\/noticias\/wp-json\/wp\/v2\/media?parent=14066"}],"wp:term":[{"taxonomy":"category","embeddable":true,"href":"https:\/\/www.esportesbrasilia.com.br\/noticias\/wp-json\/wp\/v2\/categories?post=14066"},{"taxonomy":"post_tag","embeddable":true,"href":"https:\/\/www.esportesbrasilia.com.br\/noticias\/wp-json\/wp\/v2\/tags?post=14066"}],"curies":[{"name":"wp","href":"https:\/\/api.w.org\/{rel}","templated":true}]}}