{"id":14005,"date":"2020-07-20T19:16:46","date_gmt":"2020-07-20T22:16:46","guid":{"rendered":"http:\/\/www.esportesbrasilia.com.br\/noticias\/?p=14005"},"modified":"2020-07-20T19:27:19","modified_gmt":"2020-07-20T22:27:19","slug":"real-brasilia-apresenta-novo-treinador-derrota-em-amistoso-na-capital-federal","status":"publish","type":"post","link":"https:\/\/www.esportesbrasilia.com.br\/noticias\/futebol\/real-brasilia-apresenta-novo-treinador-derrota-em-amistoso-na-capital-federal.html","title":{"rendered":"Real Bras\u00edlia apresenta novo treinador ap\u00f3s derrota em amistoso na capital federal"},"content":{"rendered":"\n<p>O Real Bras\u00edlia apresentou um novo treinador para a sequ\u00eancia do Candang\u00e3o 2020. O contrato com Ariel Mamede foi assinado nesta segunda-feira (20) e \u00e9 v\u00e1lido at\u00e9 o final da competi\u00e7\u00e3o. O jovem treinador foi contratado depois da demiss\u00e3o de Ant\u00f4nio Carlos Bui\u00e3o, que saiu ap\u00f3s derrota por 3&#215;0 para o Vila Nova\/GO, em um amistoso no est\u00e1dio Ciro Machado. <\/p>\n\n\n\n<p>Ariel estava sem clube ap\u00f3s ter uma passagem exatamente pelo Vila Nova e, depois, o Jaragu\u00e1\/GO ainda neste ano, quando a diretoria da equipe goiana decidiu rescindir todos os contratos. Nos tr\u00eas jogos como treinador do alvinegro do interior goiano, ele conseguiu uma vit\u00f3ria, um empate e uma derrota, colocando o time na segunda coloca\u00e7\u00e3o do estadual at\u00e9 a paralisa\u00e7\u00e3o por conta da pandemia de Covid-19.<\/p>\n\n\n\n<p>O primeiro desafio do novo treinador ser\u00e1 o \u00faltimo jogo da fase de classifica\u00e7\u00e3o do Candang\u00e3o contra o Gama. Independentemente do resultado, o Real Bras\u00edlia pegar\u00e1 o Capital nas quartas de final da competi\u00e7\u00e3o.<\/p>\n\n\n\n<p>O time da Vila Planalto tamb\u00e9m utilizou a paralisa\u00e7\u00e3o para anunciar alguns refor\u00e7os, como os zagueiros M\u00e1rcio Luiz e Waldson e os laterais Gede\u00edlson e Kabrine.<\/p>\n","protected":false},"excerpt":{"rendered":"<p>O Real Bras\u00edlia apresentou um novo treinador para a sequ\u00eancia do Candang\u00e3o 2020. O contrato com Ariel Mamede foi assinado nesta segunda-feira (20) e \u00e9 v\u00e1lido at\u00e9 o final da competi\u00e7\u00e3o. O jovem treinador foi contratado depois da demiss\u00e3o de Ant\u00f4nio Carlos Bui\u00e3o, que saiu ap\u00f3s derrota por 3&#215;0 para o Vila Nova\/GO, em um [&hellip;]<\/p>\n","protected":false},"author":37,"featured_media":13614,"comment_status":"closed","ping_status":"closed","sticky":false,"template":"","format":"standard","meta":{"footnotes":""},"categories":[8],"tags":[],"class_list":["post-14005","post","type-post","status-publish","format-standard","has-post-thumbnail","hentry","category-futebol"],"_links":{"self":[{"href":"https:\/\/www.esportesbrasilia.com.br\/noticias\/wp-json\/wp\/v2\/posts\/14005","targetHints":{"allow":["GET"]}}],"collection":[{"href":"https:\/\/www.esportesbrasilia.com.br\/noticias\/wp-json\/wp\/v2\/posts"}],"about":[{"href":"https:\/\/www.esportesbrasilia.com.br\/noticias\/wp-json\/wp\/v2\/types\/post"}],"author":[{"embeddable":true,"href":"https:\/\/www.esportesbrasilia.com.br\/noticias\/wp-json\/wp\/v2\/users\/37"}],"replies":[{"embeddable":true,"href":"https:\/\/www.esportesbrasilia.com.br\/noticias\/wp-json\/wp\/v2\/comments?post=14005"}],"version-history":[{"count":4,"href":"https:\/\/www.esportesbrasilia.com.br\/noticias\/wp-json\/wp\/v2\/posts\/14005\/revisions"}],"predecessor-version":[{"id":14009,"href":"https:\/\/www.esportesbrasilia.com.br\/noticias\/wp-json\/wp\/v2\/posts\/14005\/revisions\/14009"}],"wp:featuredmedia":[{"embeddable":true,"href":"https:\/\/www.esportesbrasilia.com.br\/noticias\/wp-json\/wp\/v2\/media\/13614"}],"wp:attachment":[{"href":"https:\/\/www.esportesbrasilia.com.br\/noticias\/wp-json\/wp\/v2\/media?parent=14005"}],"wp:term":[{"taxonomy":"category","embeddable":true,"href":"https:\/\/www.esportesbrasilia.com.br\/noticias\/wp-json\/wp\/v2\/categories?post=14005"},{"taxonomy":"post_tag","embeddable":true,"href":"https:\/\/www.esportesbrasilia.com.br\/noticias\/wp-json\/wp\/v2\/tags?post=14005"}],"curies":[{"name":"wp","href":"https:\/\/api.w.org\/{rel}","templated":true}]}}