{"id":13938,"date":"2020-07-16T01:08:36","date_gmt":"2020-07-16T04:08:36","guid":{"rendered":"http:\/\/www.esportesbrasilia.com.br\/noticias\/?p=13938"},"modified":"2020-07-16T01:08:38","modified_gmt":"2020-07-16T04:08:38","slug":"torneio-com-cariocas-e-goianos-pode-desembarcar-em-brasilia","status":"publish","type":"post","link":"https:\/\/www.esportesbrasilia.com.br\/noticias\/futebol\/torneio-com-cariocas-e-goianos-pode-desembarcar-em-brasilia.html","title":{"rendered":"Torneio com cariocas e goianos pode desembarcar em Bras\u00edlia"},"content":{"rendered":"\n<p>Uma informa\u00e7\u00e3o do jornalista Wellington Campos, da R\u00e1dio Tupi do Rio de Janeiro, mexeu com as redes sociais no in\u00edcio da madrugada desta quinta-feira (16), logo ap\u00f3s o Flamengo conquistar o t\u00edtulo carioca de 2020, ao vencer o Fluminense por 1&#215;0 no est\u00e1dio Maracan\u00e3.<\/p>\n\n\n\n<p>Segundo o jornalista, o est\u00e1dio Nacional Man\u00e9 Garrincha poder\u00e1 sediar um torneio envolvendo Flamengo e Vasco, do Rio de Janeiro, e Atl\u00e9tico Goianiense e Goi\u00e1s, de Goi\u00e1s, na prepara\u00e7\u00e3o para o Campeonato Brasileiro, que come\u00e7a em agosto pr\u00f3ximo.<\/p>\n\n\n\n<p>Fontes revelaram \u00e0 reportagem da <strong>Esportes Bras\u00edlia<\/strong> que este torneio poderia ser transmitido por uma emissora de televis\u00e3o e que estariam apenas faltando alguns acordos com patrocinadores para que o martelo fosse batido.<\/p>\n\n\n\n<p>Outro fator importante \u00e9 que o torneio s\u00f3 seria realizado caso o Governo do Distrito Federal aprovasse a libera\u00e7\u00e3o dos eventos esportivos na capital federal. Vale lembrar que um decreto assinado pelo governador Ibaneis Rocha pro\u00edbe a realiza\u00e7\u00e3o das partidas de futebol em territ\u00f3rio candango.<\/p>\n\n\n\n<p>A \u00fanica atividade esportiva liberada, por conta da pandemia da Covid-19, at\u00e9 o momento, \u00e9 a de treinos dos clubes. A volta do Campeonato Brasiliense, que estava prevista para este s\u00e1bado (18), foi adiada e est\u00e1 sem data marcada, justamente por conta da proibi\u00e7\u00e3o.<\/p>\n\n\n\n<p>Em uma nota divulgada em 30 de abril, a Arena BSB, que administra o est\u00e1dio Nacional Man\u00e9 Garrincha, informou que o local estaria apto a receber competi\u00e7\u00f5es esportivas quando autorizado pelas autoridades, mesmo que, em um dos andares, esteja montado um hospital de campanha no combate ao Coronav\u00edrus.<\/p>\n\n\n\n<p>A <strong>Esportes Bras\u00edlia<\/strong> divulgou, h\u00e1 duas semanas, uma mat\u00e9ria em que quatro clubes goianos poderiam realizar uma mini-competi\u00e7\u00e3o juntamente com Brasiliense e Gama na expectativa da retomada do futebol brasileiro. No entanto, os dois times negaram a participa\u00e7\u00e3o no certame.<\/p>\n","protected":false},"excerpt":{"rendered":"<p>Uma informa\u00e7\u00e3o do jornalista Wellington Campos, da R\u00e1dio Tupi do Rio de Janeiro, mexeu com as redes sociais no in\u00edcio da madrugada desta quinta-feira (16), logo ap\u00f3s o Flamengo conquistar o t\u00edtulo carioca de 2020, ao vencer o Fluminense por 1&#215;0 no est\u00e1dio Maracan\u00e3. Segundo o jornalista, o est\u00e1dio Nacional Man\u00e9 Garrincha poder\u00e1 sediar um [&hellip;]<\/p>\n","protected":false},"author":2,"featured_media":2070,"comment_status":"closed","ping_status":"closed","sticky":false,"template":"","format":"standard","meta":{"footnotes":""},"categories":[8],"tags":[],"class_list":["post-13938","post","type-post","status-publish","format-standard","has-post-thumbnail","hentry","category-futebol"],"_links":{"self":[{"href":"https:\/\/www.esportesbrasilia.com.br\/noticias\/wp-json\/wp\/v2\/posts\/13938","targetHints":{"allow":["GET"]}}],"collection":[{"href":"https:\/\/www.esportesbrasilia.com.br\/noticias\/wp-json\/wp\/v2\/posts"}],"about":[{"href":"https:\/\/www.esportesbrasilia.com.br\/noticias\/wp-json\/wp\/v2\/types\/post"}],"author":[{"embeddable":true,"href":"https:\/\/www.esportesbrasilia.com.br\/noticias\/wp-json\/wp\/v2\/users\/2"}],"replies":[{"embeddable":true,"href":"https:\/\/www.esportesbrasilia.com.br\/noticias\/wp-json\/wp\/v2\/comments?post=13938"}],"version-history":[{"count":1,"href":"https:\/\/www.esportesbrasilia.com.br\/noticias\/wp-json\/wp\/v2\/posts\/13938\/revisions"}],"predecessor-version":[{"id":13940,"href":"https:\/\/www.esportesbrasilia.com.br\/noticias\/wp-json\/wp\/v2\/posts\/13938\/revisions\/13940"}],"wp:featuredmedia":[{"embeddable":true,"href":"https:\/\/www.esportesbrasilia.com.br\/noticias\/wp-json\/wp\/v2\/media\/2070"}],"wp:attachment":[{"href":"https:\/\/www.esportesbrasilia.com.br\/noticias\/wp-json\/wp\/v2\/media?parent=13938"}],"wp:term":[{"taxonomy":"category","embeddable":true,"href":"https:\/\/www.esportesbrasilia.com.br\/noticias\/wp-json\/wp\/v2\/categories?post=13938"},{"taxonomy":"post_tag","embeddable":true,"href":"https:\/\/www.esportesbrasilia.com.br\/noticias\/wp-json\/wp\/v2\/tags?post=13938"}],"curies":[{"name":"wp","href":"https:\/\/api.w.org\/{rel}","templated":true}]}}