{"id":13923,"date":"2020-07-13T21:31:32","date_gmt":"2020-07-14T00:31:32","guid":{"rendered":"http:\/\/www.esportesbrasilia.com.br\/noticias\/?p=13923"},"modified":"2020-07-13T21:32:13","modified_gmt":"2020-07-14T00:32:13","slug":"cbf-divulga-tabela-basica-da-serie-d-2020-jacare-e-periquito-comecam-fora-de-casa","status":"publish","type":"post","link":"https:\/\/www.esportesbrasilia.com.br\/noticias\/futebol\/cbf-divulga-tabela-basica-da-serie-d-2020-jacare-e-periquito-comecam-fora-de-casa.html","title":{"rendered":"CBF divulga tabela b\u00e1sica da S\u00e9rie D 2020. Jacar\u00e9 e periquito come\u00e7am fora de casa"},"content":{"rendered":"\n<p>A Confedera\u00e7\u00e3o Brasileira de Futebol divulgou, na tarde desta segunda-feira (13), a tabela b\u00e1sica do Brasileir\u00e3o S\u00e9rie D 2020. A competi\u00e7\u00e3o, que tinha in\u00edcio previsto para o m\u00eas de maio, acabou sendo adiada para come\u00e7ar em setembro, por conta da pandemia da Covid-19.<\/p>\n\n\n\n<p>O Distrito Federal ter\u00e1 dois representantes: o Gama, campe\u00e3o candango de 2019, e o Brasiliense, vice-campe\u00e3o do ano passado. Por ter ficado na segunda coloca\u00e7\u00e3o, o jacar\u00e9 passar\u00e1 por uma pr\u00e9-S\u00e9rie D.<\/p>\n\n\n\n<p>Ser\u00e3o dois jogos diante do Tocantin\u00f3polis\/TO, equipe que tamb\u00e9m terminou o estadual como vice-campe\u00e3o. O primeiro duelo acontecer\u00e1 fora de casa, em territ\u00f3rio tocantinense, no dia 06 de setembro. A vaga ser\u00e1 decidida na capital federal no dia 13 de setembro. Quem vencer o confronto, entra no grupo 06, onde est\u00e1 o Gama. Em caso de empate nos 180 minutos, a vaga ser\u00e1 decidida nos p\u00eanaltis.<\/p>\n\n\n\n<p>A chave 06 \u00e9 composta pelo Gama e por times da Bahia (Atl\u00e9tico Alagoinhas e Bahia de Feira), Minas Gerais (Caldense, Tupynamb\u00e1s e Villa Nova) e Tocantins (Palmas). As partidas ser\u00e3o disputadas em turno e returno, classificando-se os quatro primeiros para a pr\u00f3xima fase.<\/p>\n\n\n\n<p>O Gama estreia fora de casa, no dia 20 de setembro, diante do Atl\u00e9tico Alagoinhas\/BA. O primeiro confronto em territ\u00f3rio candango acontece no dia 27 de setembro, diante do time que passar da pr\u00e9-S\u00e9rie D.<\/p>\n\n\n\n<p>Os times que garantir\u00e3o vaga na S\u00e9rie C 2021 ser\u00e3o conhecidos nas quartas de final, que ser\u00e3o disputadas nos dias 03 e 10 de janeiro do ano que vem. As partidas finais est\u00e3o marcadas para os dias 31 de janeiro e 07 de fevereiro.<\/p>\n\n\n\n<p><a href=\"https:\/\/www.esportesbrasilia.com.br\/noticias\/brasileiraoseried2020\">Confira aqui a tabela completa da chave de Gama e Brasiliense na S\u00e9rie D 2020, que ter\u00e1 transmiss\u00e3o e cobertura completa da <strong>Esportes Bras\u00edlia<\/strong><\/a>.<\/p>\n","protected":false},"excerpt":{"rendered":"<p>A Confedera\u00e7\u00e3o Brasileira de Futebol divulgou, na tarde desta segunda-feira (13), a tabela b\u00e1sica do Brasileir\u00e3o S\u00e9rie D 2020. A competi\u00e7\u00e3o, que tinha in\u00edcio previsto para o m\u00eas de maio, acabou sendo adiada para come\u00e7ar em setembro, por conta da pandemia da Covid-19. O Distrito Federal ter\u00e1 dois representantes: o Gama, campe\u00e3o candango de 2019, [&hellip;]<\/p>\n","protected":false},"author":2,"featured_media":1280,"comment_status":"closed","ping_status":"closed","sticky":false,"template":"","format":"standard","meta":{"footnotes":""},"categories":[8],"tags":[],"class_list":["post-13923","post","type-post","status-publish","format-standard","has-post-thumbnail","hentry","category-futebol"],"_links":{"self":[{"href":"https:\/\/www.esportesbrasilia.com.br\/noticias\/wp-json\/wp\/v2\/posts\/13923","targetHints":{"allow":["GET"]}}],"collection":[{"href":"https:\/\/www.esportesbrasilia.com.br\/noticias\/wp-json\/wp\/v2\/posts"}],"about":[{"href":"https:\/\/www.esportesbrasilia.com.br\/noticias\/wp-json\/wp\/v2\/types\/post"}],"author":[{"embeddable":true,"href":"https:\/\/www.esportesbrasilia.com.br\/noticias\/wp-json\/wp\/v2\/users\/2"}],"replies":[{"embeddable":true,"href":"https:\/\/www.esportesbrasilia.com.br\/noticias\/wp-json\/wp\/v2\/comments?post=13923"}],"version-history":[{"count":2,"href":"https:\/\/www.esportesbrasilia.com.br\/noticias\/wp-json\/wp\/v2\/posts\/13923\/revisions"}],"predecessor-version":[{"id":13925,"href":"https:\/\/www.esportesbrasilia.com.br\/noticias\/wp-json\/wp\/v2\/posts\/13923\/revisions\/13925"}],"wp:featuredmedia":[{"embeddable":true,"href":"https:\/\/www.esportesbrasilia.com.br\/noticias\/wp-json\/wp\/v2\/media\/1280"}],"wp:attachment":[{"href":"https:\/\/www.esportesbrasilia.com.br\/noticias\/wp-json\/wp\/v2\/media?parent=13923"}],"wp:term":[{"taxonomy":"category","embeddable":true,"href":"https:\/\/www.esportesbrasilia.com.br\/noticias\/wp-json\/wp\/v2\/categories?post=13923"},{"taxonomy":"post_tag","embeddable":true,"href":"https:\/\/www.esportesbrasilia.com.br\/noticias\/wp-json\/wp\/v2\/tags?post=13923"}],"curies":[{"name":"wp","href":"https:\/\/api.w.org\/{rel}","templated":true}]}}