{"id":13902,"date":"2020-07-09T15:48:10","date_gmt":"2020-07-09T18:48:10","guid":{"rendered":"http:\/\/www.esportesbrasilia.com.br\/noticias\/?p=13902"},"modified":"2020-07-10T00:02:04","modified_gmt":"2020-07-10T03:02:04","slug":"cbf-confirma-serie-d-para-o-mes-de-setembro-copa-verde-segue-indefinida","status":"publish","type":"post","link":"https:\/\/www.esportesbrasilia.com.br\/noticias\/futebol\/cbf-confirma-serie-d-para-o-mes-de-setembro-copa-verde-segue-indefinida.html","title":{"rendered":"CBF confirma s\u00e9rie D para o m\u00eas de setembro. Copa Verde segue indefinida"},"content":{"rendered":"\n<p>A Confedera\u00e7\u00e3o Brasileira de Futebol divulgou, nesta quinta-feira (09), a readequa\u00e7\u00e3o do calend\u00e1rio do futebol brasileiro por conta da pandemia da Covid-19.<\/p>\n\n\n\n<p>As tr\u00eas primeiras divis\u00f5es do futebol j\u00e1 haviam sido marcadas, para o fim de semana dos dias 08 e 09 de agosto. J\u00e1 a s\u00e9rie D, que ter\u00e1 a participa\u00e7\u00e3o de Brasiliense e Gama, iniciar\u00e1 no dia 06 de setembro, com o campe\u00e3o sendo conhecido em 07 de fevereiro de 2021.<\/p>\n\n\n\n<p>Vale lembrar que o \u00fanico garantido do DF na quarta divis\u00e3o nacional \u00e9 o Gama, que estar\u00e1 na chave A-6 da competi\u00e7\u00e3o. J\u00e1 o Brasiliense passar\u00e1 por uma pr\u00e9-s\u00e9rie D, tendo que vencer o Tocantin\u00f3polis\/TO para garantir a presen\u00e7a na mesma chave que o alviverde candango.<\/p>\n\n\n\n<p>A CBF ainda n\u00e3o divulgou a tabela da competi\u00e7\u00e3o.<\/p>\n\n\n\n<h3 class=\"wp-block-heading\">Copa Verde indefinida<\/h3>\n\n\n\n<p>J\u00e1 a Copa Verde, que tamb\u00e9m ter\u00e1 a presen\u00e7a dos dois representantes candangos, ainda n\u00e3o foi confirmada pela entidade m\u00e1xima do futebol brasileiro.<\/p>\n\n\n\n<p>A Copa do Nordeste, outra competi\u00e7\u00e3o regional, reinicia os trabalhos no pr\u00f3ximo dia 21, sendo totalmente disputada em Salvador\/BA.<\/p>\n","protected":false},"excerpt":{"rendered":"<p>A Confedera\u00e7\u00e3o Brasileira de Futebol divulgou, nesta quinta-feira (09), a readequa\u00e7\u00e3o do calend\u00e1rio do futebol brasileiro por conta da pandemia da Covid-19. As tr\u00eas primeiras divis\u00f5es do futebol j\u00e1 haviam sido marcadas, para o fim de semana dos dias 08 e 09 de agosto. J\u00e1 a s\u00e9rie D, que ter\u00e1 a participa\u00e7\u00e3o de Brasiliense e [&hellip;]<\/p>\n","protected":false},"author":2,"featured_media":1280,"comment_status":"closed","ping_status":"closed","sticky":false,"template":"","format":"standard","meta":{"footnotes":""},"categories":[8],"tags":[],"class_list":["post-13902","post","type-post","status-publish","format-standard","has-post-thumbnail","hentry","category-futebol"],"_links":{"self":[{"href":"https:\/\/www.esportesbrasilia.com.br\/noticias\/wp-json\/wp\/v2\/posts\/13902","targetHints":{"allow":["GET"]}}],"collection":[{"href":"https:\/\/www.esportesbrasilia.com.br\/noticias\/wp-json\/wp\/v2\/posts"}],"about":[{"href":"https:\/\/www.esportesbrasilia.com.br\/noticias\/wp-json\/wp\/v2\/types\/post"}],"author":[{"embeddable":true,"href":"https:\/\/www.esportesbrasilia.com.br\/noticias\/wp-json\/wp\/v2\/users\/2"}],"replies":[{"embeddable":true,"href":"https:\/\/www.esportesbrasilia.com.br\/noticias\/wp-json\/wp\/v2\/comments?post=13902"}],"version-history":[{"count":2,"href":"https:\/\/www.esportesbrasilia.com.br\/noticias\/wp-json\/wp\/v2\/posts\/13902\/revisions"}],"predecessor-version":[{"id":13904,"href":"https:\/\/www.esportesbrasilia.com.br\/noticias\/wp-json\/wp\/v2\/posts\/13902\/revisions\/13904"}],"wp:featuredmedia":[{"embeddable":true,"href":"https:\/\/www.esportesbrasilia.com.br\/noticias\/wp-json\/wp\/v2\/media\/1280"}],"wp:attachment":[{"href":"https:\/\/www.esportesbrasilia.com.br\/noticias\/wp-json\/wp\/v2\/media?parent=13902"}],"wp:term":[{"taxonomy":"category","embeddable":true,"href":"https:\/\/www.esportesbrasilia.com.br\/noticias\/wp-json\/wp\/v2\/categories?post=13902"},{"taxonomy":"post_tag","embeddable":true,"href":"https:\/\/www.esportesbrasilia.com.br\/noticias\/wp-json\/wp\/v2\/tags?post=13902"}],"curies":[{"name":"wp","href":"https:\/\/api.w.org\/{rel}","templated":true}]}}