{"id":13897,"date":"2020-07-07T18:23:05","date_gmt":"2020-07-07T21:23:05","guid":{"rendered":"http:\/\/www.esportesbrasilia.com.br\/noticias\/?p=13897"},"modified":"2020-07-07T18:23:07","modified_gmt":"2020-07-07T21:23:07","slug":"formosa-cogita-retomar-atividades-fora-do-territorio-goiano","status":"publish","type":"post","link":"https:\/\/www.esportesbrasilia.com.br\/noticias\/futebol\/formosa-cogita-retomar-atividades-fora-do-territorio-goiano.html","title":{"rendered":"Formosa cogita retomar atividades fora do territ\u00f3rio goiano"},"content":{"rendered":"\n<p>O Formosa Esporte, que garantiu uma vaga na pr\u00f3xima fase do Candang\u00e3o 2020, est\u00e1 com as atividades suspensas por conta da pandemia da Covid-19. O time, que terminou a primeira fase da competi\u00e7\u00e3o na quarta posi\u00e7\u00e3o, com 19 pontos, suspendeu contratos de jogadores que mantinham v\u00ednculo com o clube e n\u00e3o renovou com outros.<\/p>\n\n\n\n<p>Com a proibi\u00e7\u00e3o das atividades esportivas em territ\u00f3rio goiano, por meio de um decreto assinado pelo governador Ronaldo Caiado, o time procura algum local para retomar os treinamentos na pr\u00f3xima fase do Candang\u00e3o 2020.<\/p>\n\n\n\n<p>&#8220;Estamos cogitando em duas cidades mineiras, Una\u00ed ou Urucuia. Tamb\u00e9m existe a possibilidade em uma \u00e1rea rural do Distrito Federal, onde tem um campo e uma estrutura. Pra n\u00f3s, ficaria at\u00e9 mais adequado e mais pr\u00f3ximo pra gente. Continuamos, dentro do aspecto legal, tentando resolver essa situa\u00e7\u00e3o tamb\u00e9m junto \u00e0 prefeitura de Formosa&#8221;, contou Henrique Botelho, presidente do Tsunami do Cerrado, por telefone, \u00e0 reportagem da <strong>Esportes Bras\u00edlia<\/strong>. <\/p>\n\n\n\n<h3 class=\"wp-block-heading\">Plantel<\/h3>\n\n\n\n<p>Henrique tamb\u00e9m falou sobre a situa\u00e7\u00e3o do elenco que vai disputar as quartas de final do Candang\u00e3o 2020 diante do Taguatinga. &#8220;Os contratos dos atletas expiraram em abril, salvo alguns jogadores que s\u00e3o do clube e temos contratos mais longos. Estou com todos os atletas apalavrados para o retorno e devemos retornar com 70% do plantel que terminou a primeira fase do Candang\u00e3o, e trazer mais alguns refor\u00e7os. Estamos no compasso de espera para resolver&#8221;, ressaltou o dirigente.<\/p>\n\n\n\n<p>Por ter ficado entre os quatro primeiros colocados da primeira fase, o Formosa Esporte ter\u00e1 a vantagem de jogar a partida de volta das quartas de final no est\u00e1dio Diog\u00e3o, em Formosa. As partidas ainda seguem sem defini\u00e7\u00e3o de data.<\/p>\n","protected":false},"excerpt":{"rendered":"<p>O Formosa Esporte, que garantiu uma vaga na pr\u00f3xima fase do Candang\u00e3o 2020, est\u00e1 com as atividades suspensas por conta da pandemia da Covid-19. O time, que terminou a primeira fase da competi\u00e7\u00e3o na quarta posi\u00e7\u00e3o, com 19 pontos, suspendeu contratos de jogadores que mantinham v\u00ednculo com o clube e n\u00e3o renovou com outros. Com [&hellip;]<\/p>\n","protected":false},"author":2,"featured_media":8426,"comment_status":"closed","ping_status":"closed","sticky":false,"template":"","format":"standard","meta":{"footnotes":""},"categories":[8],"tags":[],"class_list":["post-13897","post","type-post","status-publish","format-standard","has-post-thumbnail","hentry","category-futebol"],"_links":{"self":[{"href":"https:\/\/www.esportesbrasilia.com.br\/noticias\/wp-json\/wp\/v2\/posts\/13897","targetHints":{"allow":["GET"]}}],"collection":[{"href":"https:\/\/www.esportesbrasilia.com.br\/noticias\/wp-json\/wp\/v2\/posts"}],"about":[{"href":"https:\/\/www.esportesbrasilia.com.br\/noticias\/wp-json\/wp\/v2\/types\/post"}],"author":[{"embeddable":true,"href":"https:\/\/www.esportesbrasilia.com.br\/noticias\/wp-json\/wp\/v2\/users\/2"}],"replies":[{"embeddable":true,"href":"https:\/\/www.esportesbrasilia.com.br\/noticias\/wp-json\/wp\/v2\/comments?post=13897"}],"version-history":[{"count":1,"href":"https:\/\/www.esportesbrasilia.com.br\/noticias\/wp-json\/wp\/v2\/posts\/13897\/revisions"}],"predecessor-version":[{"id":13898,"href":"https:\/\/www.esportesbrasilia.com.br\/noticias\/wp-json\/wp\/v2\/posts\/13897\/revisions\/13898"}],"wp:featuredmedia":[{"embeddable":true,"href":"https:\/\/www.esportesbrasilia.com.br\/noticias\/wp-json\/wp\/v2\/media\/8426"}],"wp:attachment":[{"href":"https:\/\/www.esportesbrasilia.com.br\/noticias\/wp-json\/wp\/v2\/media?parent=13897"}],"wp:term":[{"taxonomy":"category","embeddable":true,"href":"https:\/\/www.esportesbrasilia.com.br\/noticias\/wp-json\/wp\/v2\/categories?post=13897"},{"taxonomy":"post_tag","embeddable":true,"href":"https:\/\/www.esportesbrasilia.com.br\/noticias\/wp-json\/wp\/v2\/tags?post=13897"}],"curies":[{"name":"wp","href":"https:\/\/api.w.org\/{rel}","templated":true}]}}