{"id":13895,"date":"2020-07-07T17:58:11","date_gmt":"2020-07-07T20:58:11","guid":{"rendered":"http:\/\/www.esportesbrasilia.com.br\/noticias\/?p=13895"},"modified":"2020-07-07T17:58:16","modified_gmt":"2020-07-07T20:58:16","slug":"luziania-vai-atras-de-reforcos-mas-segue-sem-previsao-de-retorno-a-treinos","status":"publish","type":"post","link":"https:\/\/www.esportesbrasilia.com.br\/noticias\/futebol\/luziania-vai-atras-de-reforcos-mas-segue-sem-previsao-de-retorno-a-treinos.html","title":{"rendered":"Luzi\u00e2nia vai atr\u00e1s de refor\u00e7os, mas segue sem previs\u00e3o de retorno a treinos"},"content":{"rendered":"\n<p>O Luzi\u00e2nia ainda segue sem uma defini\u00e7\u00e3o em rela\u00e7\u00e3o a volta aos treinos, visando o retorno da disputa do Candang\u00e3o 2020. Pelo menos \u00e9 o que assegurou Bruno Mesquita, diretor de futebol da equipe, em entrevista \u00e0 <strong>Esportes Bras\u00edlia<\/strong>.<\/p>\n\n\n\n<p>O dirigente afirmou que, por conta do decreto assinado pelo governador de Goi\u00e1s, Ronaldo Caiado, al\u00e9m da proibi\u00e7\u00e3o por parte da prefeitura de Luzi\u00e2nia de atividades esportivas, o azulino goiano n\u00e3o tem previs\u00e3o de quando retornar\u00e1 os treinamentos.<\/p>\n\n\n\n<p>&#8220;No Distrito Federal, n\u00e3o conseguimos campos para realizar nossos treinos, al\u00e9m de termos a proibi\u00e7\u00e3o de treinar em Luzi\u00e2nia. N\u00f3s n\u00e3o temos condi\u00e7\u00f5es de bancar, financeiramente, a ida ao DF todos os dias, a demanda \u00e9 alta. Por isso, preferimos ficar aguardando&#8221;, disse Bruno, \u00e0 reportagem da <strong>EB<\/strong>.<\/p>\n\n\n\n<p>Para a pr\u00f3xima fase do Candang\u00e3o 2020, onde enfrentar\u00e1 Brasiliense ou Gama &#8211; tudo depende da partida entre Gama e Real Bras\u00edlia -, o Luzi\u00e2nia deve ir atr\u00e1s de refor\u00e7os no mercado. Vale lembrar que, de acordo com o regulamento da competi\u00e7\u00e3o, podem ser inscritos jogadores at\u00e9 o \u00faltimo dia \u00fatil antes da \u00faltima partida da primeira fase.<\/p>\n\n\n\n<p>&#8220;Estamos no mercado atr\u00e1s de um zagueiro e de um lateral direito. Ainda n\u00e3o podemos dizer nomes, mas estamos procurando&#8221;, assegurou o dirigente.<\/p>\n\n\n\n<p>O Luzi\u00e2nia terminou a primeira fase do Candang\u00e3o 2020 na s\u00e9tima posi\u00e7\u00e3o, com 14 pontos ganhos.<\/p>\n","protected":false},"excerpt":{"rendered":"<p>O Luzi\u00e2nia ainda segue sem uma defini\u00e7\u00e3o em rela\u00e7\u00e3o a volta aos treinos, visando o retorno da disputa do Candang\u00e3o 2020. Pelo menos \u00e9 o que assegurou Bruno Mesquita, diretor de futebol da equipe, em entrevista \u00e0 Esportes Bras\u00edlia. O dirigente afirmou que, por conta do decreto assinado pelo governador de Goi\u00e1s, Ronaldo Caiado, al\u00e9m [&hellip;]<\/p>\n","protected":false},"author":2,"featured_media":8428,"comment_status":"closed","ping_status":"closed","sticky":false,"template":"","format":"standard","meta":{"footnotes":""},"categories":[8],"tags":[],"class_list":["post-13895","post","type-post","status-publish","format-standard","has-post-thumbnail","hentry","category-futebol"],"_links":{"self":[{"href":"https:\/\/www.esportesbrasilia.com.br\/noticias\/wp-json\/wp\/v2\/posts\/13895","targetHints":{"allow":["GET"]}}],"collection":[{"href":"https:\/\/www.esportesbrasilia.com.br\/noticias\/wp-json\/wp\/v2\/posts"}],"about":[{"href":"https:\/\/www.esportesbrasilia.com.br\/noticias\/wp-json\/wp\/v2\/types\/post"}],"author":[{"embeddable":true,"href":"https:\/\/www.esportesbrasilia.com.br\/noticias\/wp-json\/wp\/v2\/users\/2"}],"replies":[{"embeddable":true,"href":"https:\/\/www.esportesbrasilia.com.br\/noticias\/wp-json\/wp\/v2\/comments?post=13895"}],"version-history":[{"count":1,"href":"https:\/\/www.esportesbrasilia.com.br\/noticias\/wp-json\/wp\/v2\/posts\/13895\/revisions"}],"predecessor-version":[{"id":13896,"href":"https:\/\/www.esportesbrasilia.com.br\/noticias\/wp-json\/wp\/v2\/posts\/13895\/revisions\/13896"}],"wp:featuredmedia":[{"embeddable":true,"href":"https:\/\/www.esportesbrasilia.com.br\/noticias\/wp-json\/wp\/v2\/media\/8428"}],"wp:attachment":[{"href":"https:\/\/www.esportesbrasilia.com.br\/noticias\/wp-json\/wp\/v2\/media?parent=13895"}],"wp:term":[{"taxonomy":"category","embeddable":true,"href":"https:\/\/www.esportesbrasilia.com.br\/noticias\/wp-json\/wp\/v2\/categories?post=13895"},{"taxonomy":"post_tag","embeddable":true,"href":"https:\/\/www.esportesbrasilia.com.br\/noticias\/wp-json\/wp\/v2\/tags?post=13895"}],"curies":[{"name":"wp","href":"https:\/\/api.w.org\/{rel}","templated":true}]}}