{"id":1371,"date":"2016-03-31T10:46:50","date_gmt":"2016-03-31T13:46:50","guid":{"rendered":"http:\/\/www.esportesbrasilia.com.br\/noticias\/?p=1371"},"modified":"2016-03-31T11:31:21","modified_gmt":"2016-03-31T14:31:21","slug":"flamengo-sai-na-frente-mas-cede-empate-ao-vasco-no-mane-garrincha","status":"publish","type":"post","link":"https:\/\/www.esportesbrasilia.com.br\/noticias\/futebol\/flamengo-sai-na-frente-mas-cede-empate-ao-vasco-no-mane-garrincha.html","title":{"rendered":"Flamengo sai na frente, mas cede empate ao Vasco no Man\u00e9 Garrincha"},"content":{"rendered":"<p><em>Colaborou Rafael de Carvalho<\/em><\/p>\n<p>Em mais um cl\u00e1ssico emocionante, Flamengo e Vasco empataram por 1&#215;1 na noite desta quarta-feira (30) no Man\u00e9 Garrincha. O jogo, v\u00e1lido pela quarta\u00a0rodada do Carioc\u00e3o, teve todos os grandes elementos do cl\u00e1ssico: briga, boas chances de gols e muita emo\u00e7\u00e3o. Marcelo Cirino marcou para o Flamengo e Riascos empatou para o cruz-maltino.<\/p>\n<div id=\"attachment_1376\" style=\"width: 970px\" class=\"wp-caption aligncenter\"><img loading=\"lazy\" decoding=\"async\" aria-describedby=\"caption-attachment-1376\" class=\"size-full wp-image-1376\" src=\"https:\/\/www.esportesbrasilia.com.br\/noticias\/wp-content\/uploads\/flamengoxvasco_ct.jpg\" alt=\"\u00c1rbitro carioca Wagner do Nascimento teve que entrar em a\u00e7\u00e3o em v\u00e1rias partes do jogo para conter \u00e2nimos de flamenguistas e vasca\u00ednos - Foto: Carlos Teixeira Campina\/Ag\u00eancia EB\" width=\"960\" height=\"641\" srcset=\"https:\/\/www.esportesbrasilia.com.br\/noticias\/wp-content\/uploads\/flamengoxvasco_ct.jpg 960w, https:\/\/www.esportesbrasilia.com.br\/noticias\/wp-content\/uploads\/flamengoxvasco_ct-300x200.jpg 300w, https:\/\/www.esportesbrasilia.com.br\/noticias\/wp-content\/uploads\/flamengoxvasco_ct-768x513.jpg 768w, https:\/\/www.esportesbrasilia.com.br\/noticias\/wp-content\/uploads\/flamengoxvasco_ct-696x465.jpg 696w, https:\/\/www.esportesbrasilia.com.br\/noticias\/wp-content\/uploads\/flamengoxvasco_ct-629x420.jpg 629w\" sizes=\"auto, (max-width: 960px) 100vw, 960px\" \/><p id=\"caption-attachment-1376\" class=\"wp-caption-text\">\u00c1rbitro carioca Wagner do Nascimento teve que entrar em a\u00e7\u00e3o em v\u00e1rias partes do jogo para conter \u00e2nimos de flamenguistas e vasca\u00ednos &#8211; Foto: Carlos Teixeira Campina\/Ag\u00eancia EB<\/p><\/div>\n<p><strong>O Jogo<\/strong><br \/>\nDesde que a bola rolou no Man\u00e9 Garrincha, j\u00e1 deu para ver que o confronto desta quarta-feira seria um grande jogo.\u00a0E os primeiro 45 minutos provaram isso, pois ambos os times criaram v\u00e1rias chances de gols, mas nenhuma como a perdida por Paolo Guerrero aos 22 minutos, que\u00a0salva pelo goleiro Martin Silva.<\/p>\n<p>O atacante peruano teve duas chances seguidas, \u00e0\u00a0queima-roupa, em frente ao goleiro vasca\u00edno, mas Martin Silva conseguiu fazer duas boas defesas. O detalhe \u00e9 que ambos tinham jogado um dia antes\u00a0pelas respectivas sele\u00e7\u00f5es (Peru e Uruguai) e pegaram voos fretados para conseguir jogar o cl\u00e1ssico.<\/p>\n<p>Mas, por falar em Guerrero, no primeiro tempo tamb\u00e9m tivemos mais uma cena da novela entre o atacante peruano e o zagueiro Rodrigo, ap\u00f3s provoca\u00e7\u00f5es entre ambos, o atacante rubro-negro perdeu a cabe\u00e7a e deu um soco no rosto do zagueiro cruz-maltino, lance pass\u00edvel de expuls\u00e3o, mas que a arbitragem n\u00e3o viu.<\/p>\n<p><strong>Do banco para os bra\u00e7os da galera<\/strong><br \/>\nPara o cl\u00e1ssico ficar completo s\u00f3 faltava uma coisa: gols. E os t\u00e9cnicos dos dois\u00a0times logo trataram de solucionar esse problema. Pelo lado do Flamengo, entrou o atacante Marcelo Cirino, que aos 33 minutos do segundo tempo, deu fim ao jejum de 467 minutos de gols do Flamengo\u00a0e\u00a0marcou o\u00a0primeiro gol em cl\u00e1ssicos em toda a carreira, ap\u00f3s cabe\u00e7ada no contrap\u00e9 do goleiro Martin Silva, abrindo o placar para o rubro-negro carioca.<\/p>\n<div id=\"attachment_1372\" style=\"width: 970px\" class=\"wp-caption aligncenter\"><img loading=\"lazy\" decoding=\"async\" aria-describedby=\"caption-attachment-1372\" class=\"size-full wp-image-1372\" src=\"https:\/\/www.esportesbrasilia.com.br\/noticias\/wp-content\/uploads\/flamengoxvasco_ct_2.jpg\" alt=\"Marcelo Cirino (7) entra no segundo tempo e abre o placar para o Flamengo - Foto: Carlos Teixeira Campina\/Ag\u00eancia EB\" width=\"960\" height=\"640\" srcset=\"https:\/\/www.esportesbrasilia.com.br\/noticias\/wp-content\/uploads\/flamengoxvasco_ct_2.jpg 960w, https:\/\/www.esportesbrasilia.com.br\/noticias\/wp-content\/uploads\/flamengoxvasco_ct_2-300x200.jpg 300w, https:\/\/www.esportesbrasilia.com.br\/noticias\/wp-content\/uploads\/flamengoxvasco_ct_2-768x512.jpg 768w, https:\/\/www.esportesbrasilia.com.br\/noticias\/wp-content\/uploads\/flamengoxvasco_ct_2-696x464.jpg 696w, https:\/\/www.esportesbrasilia.com.br\/noticias\/wp-content\/uploads\/flamengoxvasco_ct_2-630x420.jpg 630w\" sizes=\"auto, (max-width: 960px) 100vw, 960px\" \/><p id=\"caption-attachment-1372\" class=\"wp-caption-text\">Marcelo Cirino (7) entra no segundo tempo e abre o placar para o Flamengo &#8211; Foto: Carlos Teixeira Campina\/Ag\u00eancia EB<\/p><\/div>\n<p>Mas nem deu muito tempo da torcida flamenguista comemorar, pois Riascos, que tamb\u00e9m veio do banco, logo tratou de empatar a partida, aos 36 minutos. Ap\u00f3s cobran\u00e7a de escanteio, o atacante subiu no terceiro andar e cabeceou a bola para o fundo da rede rubro-negra.<\/p>\n<div id=\"attachment_1373\" style=\"width: 970px\" class=\"wp-caption aligncenter\"><img loading=\"lazy\" decoding=\"async\" aria-describedby=\"caption-attachment-1373\" class=\"size-full wp-image-1373\" src=\"https:\/\/www.esportesbrasilia.com.br\/noticias\/wp-content\/uploads\/flamengoxvasco_ct_3.jpg\" alt=\"Riascos empata o jogo para o Vasco na reta final do segundo tempo - Foto: Carlos Teixeira Campina?Ag\u00eancia EB\" width=\"960\" height=\"640\" srcset=\"https:\/\/www.esportesbrasilia.com.br\/noticias\/wp-content\/uploads\/flamengoxvasco_ct_3.jpg 960w, https:\/\/www.esportesbrasilia.com.br\/noticias\/wp-content\/uploads\/flamengoxvasco_ct_3-300x200.jpg 300w, https:\/\/www.esportesbrasilia.com.br\/noticias\/wp-content\/uploads\/flamengoxvasco_ct_3-768x512.jpg 768w, https:\/\/www.esportesbrasilia.com.br\/noticias\/wp-content\/uploads\/flamengoxvasco_ct_3-696x464.jpg 696w, https:\/\/www.esportesbrasilia.com.br\/noticias\/wp-content\/uploads\/flamengoxvasco_ct_3-630x420.jpg 630w\" sizes=\"auto, (max-width: 960px) 100vw, 960px\" \/><p id=\"caption-attachment-1373\" class=\"wp-caption-text\">Riascos empata o jogo para o Vasco na reta final do segundo tempo &#8211; Foto: Carlos Teixeira Campina?Ag\u00eancia EB<\/p><\/div>\n<p>O Flamengo ainda teve a chance de sair com a vit\u00f3ria, aos 45 minutos, mas Willian Ar\u00e3o, dentro da pequena \u00e1rea, perdeu a chance de fazer o gol da vit\u00f3ria rubro-negra.<\/p>\n<p>Com o empate, o Vasco segue l\u00edder isolado do Carioc\u00e3o, com 10 pontos, e ainda mantem a invencibilidade em cima do Flamengo, que dura desde o campeonato do ano passado. J\u00e1 o Flamengo ocupa a sexta posi\u00e7\u00e3o, com cinco pontos, e hoje estaria fora das semifinais da competi\u00e7\u00e3o.<\/p>\n<p><em><\/em><\/p>\n<div id=\"attachment_1377\" style=\"width: 650px\" class=\"wp-caption aligncenter\"><img loading=\"lazy\" decoding=\"async\" aria-describedby=\"caption-attachment-1377\" class=\"size-large wp-image-1377\" src=\"https:\/\/www.esportesbrasilia.com.br\/noticias\/wp-content\/uploads\/flamengoxvasco_reptv-1024x576.jpg\" alt=\"Flamengo perdeu uma chance incr\u00edvel com Willian Ar\u00e3o no \u00faltimo minuto de partida - Foto: Reprodu\u00e7\u00e3o\/SporTV\" width=\"640\" height=\"360\" srcset=\"https:\/\/www.esportesbrasilia.com.br\/noticias\/wp-content\/uploads\/flamengoxvasco_reptv-1024x576.jpg 1024w, https:\/\/www.esportesbrasilia.com.br\/noticias\/wp-content\/uploads\/flamengoxvasco_reptv-300x169.jpg 300w, https:\/\/www.esportesbrasilia.com.br\/noticias\/wp-content\/uploads\/flamengoxvasco_reptv-768x432.jpg 768w, https:\/\/www.esportesbrasilia.com.br\/noticias\/wp-content\/uploads\/flamengoxvasco_reptv-696x392.jpg 696w, https:\/\/www.esportesbrasilia.com.br\/noticias\/wp-content\/uploads\/flamengoxvasco_reptv-1068x601.jpg 1068w, https:\/\/www.esportesbrasilia.com.br\/noticias\/wp-content\/uploads\/flamengoxvasco_reptv-747x420.jpg 747w, https:\/\/www.esportesbrasilia.com.br\/noticias\/wp-content\/uploads\/flamengoxvasco_reptv.jpg 1280w\" sizes=\"auto, (max-width: 640px) 100vw, 640px\" \/><p id=\"caption-attachment-1377\" class=\"wp-caption-text\">Flamengo perdeu uma chance incr\u00edvel com Willian Ar\u00e3o no \u00faltimo minuto de partida &#8211; Foto: Reprodu\u00e7\u00e3o\/SporTV<\/p><\/div>\n<p>A equipe rubro-negra volta a campo para enfrentar o Botafogo neste s\u00e1bado, em Juiz de Fora (MG). J\u00e1 o pr\u00f3ximo compromisso do Vasco \u00e9 contra o Volta Redonda, domingo, em S\u00e3o Janu\u00e1rio.<\/p>\n<p>CAMPEONATO CARIOCA<br \/>\nFLAMENGO 1-1 VASCO<\/p>\n<p>P\u00fablico: 26.917 presentes (23.938 pagantes)<br \/>\nRenda: R$ 1.636.100,00<br \/>\nCart\u00f5es amarelos: Jorge, M\u00e1rcio Ara\u00fajo, Paolo Guerrero (Flamengo); Martin Silva, Marcelo Mattos, Julio dos Santos, Diguinho, Jorge Henrique (Vasco)<\/p>\n<p>FLAMENGO<br \/>\nPaulo Victor; Rodinei, Wallace, Juan e Jorge; Marcio Ara\u00fajo, Willian Ar\u00e3o\u00a0e\u00a0Ederson (Alan Patrick); Gabriel, Paolo Guerrero e Emerson Sheik (Marcelo Cirino).<br \/>\nT\u00e9cnico: Muricy Ramalho<\/p>\n<p>VASCO<br \/>\nMartin Silva; Madson, Rodrigo, Luan e Julio Cesar; Marcelo Mattos, Julio dos Santos (Diguinho), Andr\u00e9zinho e Nen\u00ea; Jorge Henrique (Caio Monteiro) e Thalles (Riascos).<br \/>\nT\u00e9cnico: Jorginho<\/p>\n","protected":false},"excerpt":{"rendered":"<p>Colaborou Rafael de Carvalho Em mais um cl\u00e1ssico emocionante, Flamengo e Vasco empataram por 1&#215;1 na noite desta quarta-feira (30) no Man\u00e9 Garrincha. O jogo, v\u00e1lido pela quarta\u00a0rodada do Carioc\u00e3o, teve todos os grandes elementos do cl\u00e1ssico: briga, boas chances de gols e muita emo\u00e7\u00e3o. Marcelo Cirino marcou para o Flamengo e Riascos empatou para [&hellip;]<\/p>\n","protected":false},"author":1,"featured_media":1374,"comment_status":"open","ping_status":"closed","sticky":false,"template":"","format":"standard","meta":{"footnotes":""},"categories":[8],"tags":[],"class_list":["post-1371","post","type-post","status-publish","format-standard","has-post-thumbnail","hentry","category-futebol"],"_links":{"self":[{"href":"https:\/\/www.esportesbrasilia.com.br\/noticias\/wp-json\/wp\/v2\/posts\/1371","targetHints":{"allow":["GET"]}}],"collection":[{"href":"https:\/\/www.esportesbrasilia.com.br\/noticias\/wp-json\/wp\/v2\/posts"}],"about":[{"href":"https:\/\/www.esportesbrasilia.com.br\/noticias\/wp-json\/wp\/v2\/types\/post"}],"author":[{"embeddable":true,"href":"https:\/\/www.esportesbrasilia.com.br\/noticias\/wp-json\/wp\/v2\/users\/1"}],"replies":[{"embeddable":true,"href":"https:\/\/www.esportesbrasilia.com.br\/noticias\/wp-json\/wp\/v2\/comments?post=1371"}],"version-history":[{"count":1,"href":"https:\/\/www.esportesbrasilia.com.br\/noticias\/wp-json\/wp\/v2\/posts\/1371\/revisions"}],"predecessor-version":[{"id":1378,"href":"https:\/\/www.esportesbrasilia.com.br\/noticias\/wp-json\/wp\/v2\/posts\/1371\/revisions\/1378"}],"wp:featuredmedia":[{"embeddable":true,"href":"https:\/\/www.esportesbrasilia.com.br\/noticias\/wp-json\/wp\/v2\/media\/1374"}],"wp:attachment":[{"href":"https:\/\/www.esportesbrasilia.com.br\/noticias\/wp-json\/wp\/v2\/media?parent=1371"}],"wp:term":[{"taxonomy":"category","embeddable":true,"href":"https:\/\/www.esportesbrasilia.com.br\/noticias\/wp-json\/wp\/v2\/categories?post=1371"},{"taxonomy":"post_tag","embeddable":true,"href":"https:\/\/www.esportesbrasilia.com.br\/noticias\/wp-json\/wp\/v2\/tags?post=1371"}],"curies":[{"name":"wp","href":"https:\/\/api.w.org\/{rel}","templated":true}]}}