{"id":13701,"date":"2020-06-21T17:27:33","date_gmt":"2020-06-21T20:27:33","guid":{"rendered":"http:\/\/www.esportesbrasilia.com.br\/noticias\/?p=13701"},"modified":"2020-06-21T17:27:36","modified_gmt":"2020-06-21T20:27:36","slug":"brasilia-volei-repatria-ponteira-que-estava-no-egito-para-a-superliga-2020-2021","status":"publish","type":"post","link":"https:\/\/www.esportesbrasilia.com.br\/noticias\/volei\/brasilia-volei-repatria-ponteira-que-estava-no-egito-para-a-superliga-2020-2021.html","title":{"rendered":"Bras\u00edlia V\u00f4lei repatria ponteira que estava no Egito para a Superliga 2020\/2021"},"content":{"rendered":"\n<p>O Bras\u00edlia V\u00f4lei continua montando o elenco visando a disputa da Superliga Feminina 2020\/2021, ainda sem data definida para o in\u00edcio. O time feminino, que ser\u00e1 treinado por Rog\u00e9rio Portela, trouxe de volta ao Brasil uma ponteira que teve passagens por Minas e Osasco.<\/p>\n\n\n\n<p>Trata-se da ponteira Paula Mohr, de 26 anos e 1m87, que estava no Al-Ahly, do Egito. Al\u00e9m de Mohr, o time candango j\u00e1 havia anunciado outros refor\u00e7os.<\/p>\n\n\n\n<p>Quem retorna ao Bras\u00edlia V\u00f4lei \u00e9 a levantadora Vivian Lima, que foi formada nas categorias de base da equipe brasiliense, mas que atuou nas \u00faltimas edi\u00e7\u00f5es da Superliga Feminina por Fluminense\/RJ e Praia Clube\/MG. A equipe tamb\u00e9m confirmou a volta de Isabela Paquiardi, que estava no Pinheiros\/SP, F\u00ea Isis, que atuou pelo Flamengo\/RJ, e Sara Dias, que chega do Curitiba V\u00f4lei\/PR.<\/p>\n\n\n\n<p>Do elenco que liderou a edi\u00e7\u00e3o 2019 da Superliga Feminina B, j\u00e1 que n\u00e3o foi decretado um campe\u00e3o, seis jogadoras confirmaram a perman\u00eancia: Aline, Ariane, Edna, Ingrid, Silvana e Vit\u00f3ria.<\/p>\n","protected":false},"excerpt":{"rendered":"<p>O Bras\u00edlia V\u00f4lei continua montando o elenco visando a disputa da Superliga Feminina 2020\/2021, ainda sem data definida para o in\u00edcio. O time feminino, que ser\u00e1 treinado por Rog\u00e9rio Portela, trouxe de volta ao Brasil uma ponteira que teve passagens por Minas e Osasco. Trata-se da ponteira Paula Mohr, de 26 anos e 1m87, que [&hellip;]<\/p>\n","protected":false},"author":2,"featured_media":8620,"comment_status":"open","ping_status":"closed","sticky":false,"template":"","format":"standard","meta":{"footnotes":""},"categories":[11],"tags":[],"class_list":["post-13701","post","type-post","status-publish","format-standard","has-post-thumbnail","hentry","category-volei"],"_links":{"self":[{"href":"https:\/\/www.esportesbrasilia.com.br\/noticias\/wp-json\/wp\/v2\/posts\/13701","targetHints":{"allow":["GET"]}}],"collection":[{"href":"https:\/\/www.esportesbrasilia.com.br\/noticias\/wp-json\/wp\/v2\/posts"}],"about":[{"href":"https:\/\/www.esportesbrasilia.com.br\/noticias\/wp-json\/wp\/v2\/types\/post"}],"author":[{"embeddable":true,"href":"https:\/\/www.esportesbrasilia.com.br\/noticias\/wp-json\/wp\/v2\/users\/2"}],"replies":[{"embeddable":true,"href":"https:\/\/www.esportesbrasilia.com.br\/noticias\/wp-json\/wp\/v2\/comments?post=13701"}],"version-history":[{"count":1,"href":"https:\/\/www.esportesbrasilia.com.br\/noticias\/wp-json\/wp\/v2\/posts\/13701\/revisions"}],"predecessor-version":[{"id":13702,"href":"https:\/\/www.esportesbrasilia.com.br\/noticias\/wp-json\/wp\/v2\/posts\/13701\/revisions\/13702"}],"wp:featuredmedia":[{"embeddable":true,"href":"https:\/\/www.esportesbrasilia.com.br\/noticias\/wp-json\/wp\/v2\/media\/8620"}],"wp:attachment":[{"href":"https:\/\/www.esportesbrasilia.com.br\/noticias\/wp-json\/wp\/v2\/media?parent=13701"}],"wp:term":[{"taxonomy":"category","embeddable":true,"href":"https:\/\/www.esportesbrasilia.com.br\/noticias\/wp-json\/wp\/v2\/categories?post=13701"},{"taxonomy":"post_tag","embeddable":true,"href":"https:\/\/www.esportesbrasilia.com.br\/noticias\/wp-json\/wp\/v2\/tags?post=13701"}],"curies":[{"name":"wp","href":"https:\/\/api.w.org\/{rel}","templated":true}]}}