{"id":13659,"date":"2020-06-10T20:45:47","date_gmt":"2020-06-10T23:45:47","guid":{"rendered":"http:\/\/www.esportesbrasilia.com.br\/noticias\/?p=13659"},"modified":"2020-06-10T20:53:41","modified_gmt":"2020-06-10T23:53:41","slug":"secretarias-recebem-protocolo-para-retorno-do-futebol-do-distrito-federal","status":"publish","type":"post","link":"https:\/\/www.esportesbrasilia.com.br\/noticias\/futebol\/secretarias-recebem-protocolo-para-retorno-do-futebol-do-distrito-federal.html","title":{"rendered":"Secretarias recebem protocolo para retorno do futebol do Distrito Federal"},"content":{"rendered":"\n<p>Os clubes dos times que disputar\u00e3o as quartas-de-final do Candang\u00e3o 2020, bem como representantes da Federa\u00e7\u00e3o de Futebol do Distrito Federal e do Hospital Home, elaboraram um protocolo para o retorno da modalidade na capital federal.<\/p>\n\n\n\n<p><strong><a href=\"https:\/\/www.esportesbrasilia.com.br\/noticias\/futebol\/candangao-2020-pode-retornar-na-metade-de-julho.html\">Como voc\u00ea leu aqui na Esportes Bras\u00edlia<\/a><\/strong>, os clubes pretendem voltar ao certame local no pr\u00f3ximo dia 18 de julho, quando &#8211; se autorizado &#8211; o Gama receber\u00e1 o Real Bras\u00edlia.<\/p>\n\n\n\n<p>O documento foi encaminhado nesta quarta-feira (10) \u00e0s secretarias de Esporte e Sa\u00fade para que seja analisado e referendado pelas pastas, autorizando, de vez, a volta do futebol aos gramados candangos.<\/p>\n\n\n\n<p>Segundo o protocolo, obtido pela <strong>EB<\/strong>, todos os jogadores e membros das comiss\u00f5es t\u00e9cnicas dever\u00e3o realizar a triagem, que \u00e9 composta da aplica\u00e7\u00e3o do teste RT-PCR (cotonete na nasofaringe) e por um inqu\u00e9rito de morbidade, j\u00e1 fornecido pela CBF.<\/p>\n\n\n\n<p>Os atletas que forem diagnosticados com a Covid-19 ser\u00e3o afastados para o tratamento. J\u00e1 os jogadores que estiverem no grupo de risco somente poder\u00e3o retornar \u00e0s atividades com uma autoriza\u00e7\u00e3o m\u00e9dica.<\/p>\n\n\n\n<div class=\"wp-block-image\"><figure class=\"aligncenter size-large\"><img loading=\"lazy\" decoding=\"async\" width=\"491\" height=\"328\" src=\"https:\/\/www.esportesbrasilia.com.br\/noticias\/wp-content\/uploads\/triagemjogadores_div.png\" alt=\"\" class=\"wp-image-13662\" srcset=\"https:\/\/www.esportesbrasilia.com.br\/noticias\/wp-content\/uploads\/triagemjogadores_div.png 491w, https:\/\/www.esportesbrasilia.com.br\/noticias\/wp-content\/uploads\/triagemjogadores_div-300x200.png 300w\" sizes=\"auto, (max-width: 491px) 100vw, 491px\" \/><figcaption><em>Foto: Reprodu\u00e7\u00e3o<\/em><\/figcaption><\/figure><\/div>\n\n\n\n<p>Durante as atividades, v\u00e1rias medidas dever\u00e3o ser tomadas para manter a seguran\u00e7a dos atletas e comiss\u00f5es t\u00e9cnicas, como a higieniza\u00e7\u00e3o das m\u00e3os e dos ambientes de trabalho, uso de m\u00e1scara e o distanciamento. O retorno aos treinos ser\u00e1 dividido em duas fases: treinos em pequenos grupos e treinos coletivos.<\/p>\n\n\n\n<p>Em rela\u00e7\u00e3o \u00e0s partidas, outras medidas tamb\u00e9m dever\u00e3o ser aplicadas, como a n\u00e3o presen\u00e7a de p\u00fablico nos arredores dos est\u00e1dios e a defini\u00e7\u00e3o de um \u00fanico acesso, al\u00e9m do uso obrigat\u00f3rio de m\u00e1scaras em qualquer local dos palcos candangos (cabines, gramados e vesti\u00e1rios).<\/p>\n\n\n\n<p>A reportagem da <strong>EB<\/strong> procurou as secretarias, que confirmaram o recebimento do protocolo nesta quarta-feira. Segundo as pastas, ainda n\u00e3o h\u00e1 previs\u00e3o para uma resposta sobre o documento.<\/p>\n\n\n\n<p>Confira a \u00edntegra do documento, obtido pela reportagem da <strong>Esportes Bras\u00edlia<\/strong> &#8211; de maneira oficial &#8211; junto \u00e0 Secretaria de Esporte do Distrito Federal.<\/p>\n\n\n\n<iframe loading=\"lazy\" src=\"https:\/\/www.esportesbrasilia.com.br\/noticias\/wp-content\/uploads\/Orientac\u0327o\u0303es-para-o-retorno-do-futebol-no-DF.pdf\" scrolling=\"yes\" width=\"100%\" height=\"600\"><\/iframe>\n","protected":false},"excerpt":{"rendered":"<p>Os clubes dos times que disputar\u00e3o as quartas-de-final do Candang\u00e3o 2020, bem como representantes da Federa\u00e7\u00e3o de Futebol do Distrito Federal e do Hospital Home, elaboraram um protocolo para o retorno da modalidade na capital federal. Como voc\u00ea leu aqui na Esportes Bras\u00edlia, os clubes pretendem voltar ao certame local no pr\u00f3ximo dia 18 de [&hellip;]<\/p>\n","protected":false},"author":2,"featured_media":12101,"comment_status":"open","ping_status":"closed","sticky":false,"template":"","format":"standard","meta":{"footnotes":""},"categories":[8],"tags":[],"class_list":["post-13659","post","type-post","status-publish","format-standard","has-post-thumbnail","hentry","category-futebol"],"_links":{"self":[{"href":"https:\/\/www.esportesbrasilia.com.br\/noticias\/wp-json\/wp\/v2\/posts\/13659","targetHints":{"allow":["GET"]}}],"collection":[{"href":"https:\/\/www.esportesbrasilia.com.br\/noticias\/wp-json\/wp\/v2\/posts"}],"about":[{"href":"https:\/\/www.esportesbrasilia.com.br\/noticias\/wp-json\/wp\/v2\/types\/post"}],"author":[{"embeddable":true,"href":"https:\/\/www.esportesbrasilia.com.br\/noticias\/wp-json\/wp\/v2\/users\/2"}],"replies":[{"embeddable":true,"href":"https:\/\/www.esportesbrasilia.com.br\/noticias\/wp-json\/wp\/v2\/comments?post=13659"}],"version-history":[{"count":3,"href":"https:\/\/www.esportesbrasilia.com.br\/noticias\/wp-json\/wp\/v2\/posts\/13659\/revisions"}],"predecessor-version":[{"id":13664,"href":"https:\/\/www.esportesbrasilia.com.br\/noticias\/wp-json\/wp\/v2\/posts\/13659\/revisions\/13664"}],"wp:featuredmedia":[{"embeddable":true,"href":"https:\/\/www.esportesbrasilia.com.br\/noticias\/wp-json\/wp\/v2\/media\/12101"}],"wp:attachment":[{"href":"https:\/\/www.esportesbrasilia.com.br\/noticias\/wp-json\/wp\/v2\/media?parent=13659"}],"wp:term":[{"taxonomy":"category","embeddable":true,"href":"https:\/\/www.esportesbrasilia.com.br\/noticias\/wp-json\/wp\/v2\/categories?post=13659"},{"taxonomy":"post_tag","embeddable":true,"href":"https:\/\/www.esportesbrasilia.com.br\/noticias\/wp-json\/wp\/v2\/tags?post=13659"}],"curies":[{"name":"wp","href":"https:\/\/api.w.org\/{rel}","templated":true}]}}