{"id":13645,"date":"2020-06-08T18:48:28","date_gmt":"2020-06-08T21:48:28","guid":{"rendered":"http:\/\/www.esportesbrasilia.com.br\/noticias\/?p=13645"},"modified":"2020-06-08T18:48:31","modified_gmt":"2020-06-08T21:48:31","slug":"fim-da-linha-brasil-desiste-de-sediar-copa-do-mundo-feminina-em-2023","status":"publish","type":"post","link":"https:\/\/www.esportesbrasilia.com.br\/noticias\/futebol\/fim-da-linha-brasil-desiste-de-sediar-copa-do-mundo-feminina-em-2023.html","title":{"rendered":"Fim da linha: Brasil desiste de sediar Copa do Mundo Feminina em 2023"},"content":{"rendered":"\n<p>A Confedera\u00e7\u00e3o Brasileira de Futebol emitiu, no in\u00edcio da noite desta segunda-feira (08), uma nota oficial informando que desistiu oficialmente da candidatura do Brasil para ser pa\u00eds-sede da Copa do Mundo Feminina da FIFA, que ser\u00e1 disputada em 2023.<\/p>\n\n\n\n<p>Segundo a nota, uma combina\u00e7\u00e3o de fatores levou \u00e0 desist\u00eancia por parte da entidade m\u00e1xima do futebol brasileiro. &#8220;An\u00e1lise da FIFA sobre a documenta\u00e7\u00e3o da candidatura brasileira considerou que n\u00e3o foram apresentadas as garantias do Governo Federal e documentos de terceiras partes, p\u00fablicas e privadas, envolvidas na realiza\u00e7\u00e3o do evento&#8221;, diz a nota.<\/p>\n\n\n\n<p>O Governo Federal chegou a emitir um documento dando apoio institucional \u00e0 realiza\u00e7\u00e3o da Copa. Contudo, por conta da pandemia do Coronavirus, n\u00e3o teria o aval para atender todas as garantias solicitadas pela FIFA.<\/p>\n\n\n\n<p>At\u00e9 ent\u00e3o, de acordo com o plano apresentado pela CBF&lt; oito capitais sediariam as partidas da competi\u00e7\u00e3o:\u00a0Rio de Janeiro,\u00a0S\u00e3o Paulo,\u00a0Porto\u00a0Alegre, Belo Horizonte, Salvador, Recife, Bras\u00edlia e Manaus.<\/p>\n\n\n\n<p>Por conta da desist\u00eancia do Brasil, a CBF resolveu apoiar a candidatura da Col\u00f4mbia, que passa a ser representante \u00fanica da CONMEBOL. O pa\u00eds concorrer\u00e1 com o Jap\u00e3o e o conglomerado formado por Austr\u00e1lia e Nova Zel\u00e2ndia.<\/p>\n\n\n\n<p>A decis\u00e3o sair\u00e1 dia 25 de junho, em uma reuni\u00e3o on-line, gerada a partir de Zurique, na Su\u00ed\u00e7a.<\/p>\n","protected":false},"excerpt":{"rendered":"<p>A Confedera\u00e7\u00e3o Brasileira de Futebol emitiu, no in\u00edcio da noite desta segunda-feira (08), uma nota oficial informando que desistiu oficialmente da candidatura do Brasil para ser pa\u00eds-sede da Copa do Mundo Feminina da FIFA, que ser\u00e1 disputada em 2023. Segundo a nota, uma combina\u00e7\u00e3o de fatores levou \u00e0 desist\u00eancia por parte da entidade m\u00e1xima do [&hellip;]<\/p>\n","protected":false},"author":2,"featured_media":13646,"comment_status":"open","ping_status":"closed","sticky":false,"template":"","format":"standard","meta":{"footnotes":""},"categories":[8],"tags":[],"class_list":["post-13645","post","type-post","status-publish","format-standard","has-post-thumbnail","hentry","category-futebol"],"_links":{"self":[{"href":"https:\/\/www.esportesbrasilia.com.br\/noticias\/wp-json\/wp\/v2\/posts\/13645","targetHints":{"allow":["GET"]}}],"collection":[{"href":"https:\/\/www.esportesbrasilia.com.br\/noticias\/wp-json\/wp\/v2\/posts"}],"about":[{"href":"https:\/\/www.esportesbrasilia.com.br\/noticias\/wp-json\/wp\/v2\/types\/post"}],"author":[{"embeddable":true,"href":"https:\/\/www.esportesbrasilia.com.br\/noticias\/wp-json\/wp\/v2\/users\/2"}],"replies":[{"embeddable":true,"href":"https:\/\/www.esportesbrasilia.com.br\/noticias\/wp-json\/wp\/v2\/comments?post=13645"}],"version-history":[{"count":1,"href":"https:\/\/www.esportesbrasilia.com.br\/noticias\/wp-json\/wp\/v2\/posts\/13645\/revisions"}],"predecessor-version":[{"id":13647,"href":"https:\/\/www.esportesbrasilia.com.br\/noticias\/wp-json\/wp\/v2\/posts\/13645\/revisions\/13647"}],"wp:featuredmedia":[{"embeddable":true,"href":"https:\/\/www.esportesbrasilia.com.br\/noticias\/wp-json\/wp\/v2\/media\/13646"}],"wp:attachment":[{"href":"https:\/\/www.esportesbrasilia.com.br\/noticias\/wp-json\/wp\/v2\/media?parent=13645"}],"wp:term":[{"taxonomy":"category","embeddable":true,"href":"https:\/\/www.esportesbrasilia.com.br\/noticias\/wp-json\/wp\/v2\/categories?post=13645"},{"taxonomy":"post_tag","embeddable":true,"href":"https:\/\/www.esportesbrasilia.com.br\/noticias\/wp-json\/wp\/v2\/tags?post=13645"}],"curies":[{"name":"wp","href":"https:\/\/api.w.org\/{rel}","templated":true}]}}